{"id":12466,"date":"2026-03-03T15:06:32","date_gmt":"2026-03-03T18:06:32","guid":{"rendered":"https:\/\/opinionpublica.com.ar\/index\/?p=12466"},"modified":"2026-03-03T15:06:32","modified_gmt":"2026-03-03T18:06:32","slug":"suba-de-combustibles-complica-aun-mas-a-los-fueguinos","status":"publish","type":"post","link":"https:\/\/opinionpublica.com.ar\/index\/suba-de-combustibles-complica-aun-mas-a-los-fueguinos\/","title":{"rendered":"Suba de combustibles complica a\u00fan m\u00e1s a los fueguinos"},"content":{"rendered":"<h3>Suba de combustibles complica a\u00fan m\u00e1s a los s\u00e1bados<\/h3>\n<p><a href=\"https:\/\/opinionpublica.com.ar\/index\/wp-content\/uploads\/2024\/09\/nafta-20211220-1286971-carga-de-naftas-ypf.jpg\"><img fetchpriority=\"high\" decoding=\"async\" class=\"alignnone size-full wp-image-5969\" src=\"https:\/\/opinionpublica.com.ar\/index\/wp-content\/uploads\/2024\/09\/nafta-20211220-1286971-carga-de-naftas-ypf.jpg\" alt=\"\" width=\"987\" height=\"555\" srcset=\"https:\/\/opinionpublica.com.ar\/index\/wp-content\/uploads\/2024\/09\/nafta-20211220-1286971-carga-de-naftas-ypf.jpg 987w, https:\/\/opinionpublica.com.ar\/index\/wp-content\/uploads\/2024\/09\/nafta-20211220-1286971-carga-de-naftas-ypf-300x169.jpg 300w, https:\/\/opinionpublica.com.ar\/index\/wp-content\/uploads\/2024\/09\/nafta-20211220-1286971-carga-de-naftas-ypf-768x432.jpg 768w\" sizes=\"(max-width: 987px) 100vw, 987px\" \/><\/a><\/p>\n<p>Las estaciones de servicio en Tierra del Fuego iniciaron marzo con aumentos en los combustibles que rondan el 4,75% en promedio, profundizando el impacto inflacionario sobre los gastos cotidianos de los hogares y las pymes locales. El ajuste en naftas y gasoil llega en un contexto donde el poder adquisitivo ya se encuentra deteriorado por la inflaci\u00f3n cr\u00f3nica y el estancamiento econ\u00f3mico, trasladando presi\u00f3n sobre transportistas, peque\u00f1as empresas y consumidores. El creciente costo de vida evidencia la inexistencia de pol\u00edticas provinciales efectivas para mitigar el impacto en los sectores m\u00e1s afectados, mientras que el discurso oficial se mantiene optimista sin ofrecer soluciones concretas.<\/p>\n<p>&nbsp;<\/p>\n","protected":false},"excerpt":{"rendered":"<p>Suba de combustibles complica a\u00fan m\u00e1s a los s\u00e1bados Las estaciones de servicio en Tierra del Fuego iniciaron<\/p>\n","protected":false},"author":5,"featured_media":5969,"comment_status":"open","ping_status":"open","sticky":false,"template":"","format":"standard","meta":{"footnotes":""},"categories":[2],"tags":[4136],"class_list":["post-12466","post","type-post","status-publish","format-standard","has-post-thumbnail","hentry","category-tierra-del-fuego","tag-suba-de-combustibles"],"featured_image_urls":{"full":["https:\/\/opinionpublica.com.ar\/index\/wp-content\/uploads\/2024\/09\/nafta-20211220-1286971-carga-de-naftas-ypf.jpg",987,555,false],"thumbnail":["https:\/\/opinionpublica.com.ar\/index\/wp-content\/uploads\/2024\/09\/nafta-20211220-1286971-carga-de-naftas-ypf-150x150.jpg",150,150,true],"medium":["https:\/\/opinionpublica.com.ar\/index\/wp-content\/uploads\/2024\/09\/nafta-20211220-1286971-carga-de-naftas-ypf-300x169.jpg",300,169,true],"medium_large":["https:\/\/opinionpublica.com.ar\/index\/wp-content\/uploads\/2024\/09\/nafta-20211220-1286971-carga-de-naftas-ypf-768x432.jpg",640,360,true],"large":["https:\/\/opinionpublica.com.ar\/index\/wp-content\/uploads\/2024\/09\/nafta-20211220-1286971-carga-de-naftas-ypf.jpg",640,360,false],"1536x1536":["https:\/\/opinionpublica.com.ar\/index\/wp-content\/uploads\/2024\/09\/nafta-20211220-1286971-carga-de-naftas-ypf.jpg",987,555,false],"2048x2048":["https:\/\/opinionpublica.com.ar\/index\/wp-content\/uploads\/2024\/09\/nafta-20211220-1286971-carga-de-naftas-ypf.jpg",987,555,false],"morenews-large":["https:\/\/opinionpublica.com.ar\/index\/wp-content\/uploads\/2024\/09\/nafta-20211220-1286971-carga-de-naftas-ypf-825x555.jpg",825,555,true],"morenews-medium":["https:\/\/opinionpublica.com.ar\/index\/wp-content\/uploads\/2024\/09\/nafta-20211220-1286971-carga-de-naftas-ypf-590x410.jpg",590,410,true]},"author_info":{"display_name":"Hal","author_link":"https:\/\/opinionpublica.com.ar\/index\/author\/hal\/"},"category_info":"<a href=\"https:\/\/opinionpublica.com.ar\/index\/category\/tierra-del-fuego\/\" rel=\"category tag\">Tierra del Fuego<\/a>","tag_info":"Tierra del Fuego","comment_count":"0","_links":{"self":[{"href":"https:\/\/opinionpublica.com.ar\/index\/wp-json\/wp\/v2\/posts\/12466","targetHints":{"allow":["GET"]}}],"collection":[{"href":"https:\/\/opinionpublica.com.ar\/index\/wp-json\/wp\/v2\/posts"}],"about":[{"href":"https:\/\/opinionpublica.com.ar\/index\/wp-json\/wp\/v2\/types\/post"}],"author":[{"embeddable":true,"href":"https:\/\/opinionpublica.com.ar\/index\/wp-json\/wp\/v2\/users\/5"}],"replies":[{"embeddable":true,"href":"https:\/\/opinionpublica.com.ar\/index\/wp-json\/wp\/v2\/comments?post=12466"}],"version-history":[{"count":2,"href":"https:\/\/opinionpublica.com.ar\/index\/wp-json\/wp\/v2\/posts\/12466\/revisions"}],"predecessor-version":[{"id":12479,"href":"https:\/\/opinionpublica.com.ar\/index\/wp-json\/wp\/v2\/posts\/12466\/revisions\/12479"}],"wp:featuredmedia":[{"embeddable":true,"href":"https:\/\/opinionpublica.com.ar\/index\/wp-json\/wp\/v2\/media\/5969"}],"wp:attachment":[{"href":"https:\/\/opinionpublica.com.ar\/index\/wp-json\/wp\/v2\/media?parent=12466"}],"wp:term":[{"taxonomy":"category","embeddable":true,"href":"https:\/\/opinionpublica.com.ar\/index\/wp-json\/wp\/v2\/categories?post=12466"},{"taxonomy":"post_tag","embeddable":true,"href":"https:\/\/opinionpublica.com.ar\/index\/wp-json\/wp\/v2\/tags?post=12466"}],"curies":[{"name":"wp","href":"https:\/\/api.w.org\/{rel}","templated":true}]}}