{"id":12468,"date":"2026-03-03T15:18:10","date_gmt":"2026-03-03T18:18:10","guid":{"rendered":"https:\/\/opinionpublica.com.ar\/index\/?p=12468"},"modified":"2026-03-03T15:18:10","modified_gmt":"2026-03-03T18:18:10","slug":"tierra-del-fuego-desempleo-entre-los-mas-altos-de-la-patagonia","status":"publish","type":"post","link":"https:\/\/opinionpublica.com.ar\/index\/tierra-del-fuego-desempleo-entre-los-mas-altos-de-la-patagonia\/","title":{"rendered":"Tierra del Fuego: desempleo entre los m\u00e1s altos de la Patagonia"},"content":{"rendered":"<h3>Tierra del Fuego: desempleo entre los m\u00e1s altos de la Patagonia<\/h3>\n<p><a href=\"https:\/\/opinionpublica.com.ar\/index\/wp-content\/uploads\/2024\/10\/20241023102011291a0ac6cfbc93409f6221865fbfa18e_med-rio-grande-capacitacion.jpg\"><img fetchpriority=\"high\" decoding=\"async\" class=\"alignnone size-full wp-image-6595\" src=\"https:\/\/opinionpublica.com.ar\/index\/wp-content\/uploads\/2024\/10\/20241023102011291a0ac6cfbc93409f6221865fbfa18e_med-rio-grande-capacitacion.jpg\" alt=\"\" width=\"800\" height=\"532\" srcset=\"https:\/\/opinionpublica.com.ar\/index\/wp-content\/uploads\/2024\/10\/20241023102011291a0ac6cfbc93409f6221865fbfa18e_med-rio-grande-capacitacion.jpg 800w, https:\/\/opinionpublica.com.ar\/index\/wp-content\/uploads\/2024\/10\/20241023102011291a0ac6cfbc93409f6221865fbfa18e_med-rio-grande-capacitacion-300x200.jpg 300w, https:\/\/opinionpublica.com.ar\/index\/wp-content\/uploads\/2024\/10\/20241023102011291a0ac6cfbc93409f6221865fbfa18e_med-rio-grande-capacitacion-768x511.jpg 768w\" sizes=\"(max-width: 800px) 100vw, 800px\" \/><\/a><\/p>\n<p>Seg\u00fan datos oficiales, el conglomerado Ushuaia\u2013R\u00edo Grande registr\u00f3 una tasa de desocupaci\u00f3n del 8,3%, la cifra m\u00e1s alta de toda la regi\u00f3n patag\u00f3nica. M\u00e1s de 8.000 fueguinos se encontraron sin empleo durante el segundo trimestre de 2025, en un contexto marcado por la inflaci\u00f3n y la contracci\u00f3n del consumo. La realidad laboral refleja las consecuencias de pol\u00edticas econ\u00f3micas provinciales y nacionales que no lograron generar incentivos productivos suficientes para sostener empleo estable, afectando especialmente a sectores vinculados a la industria y servicios. El aumento del desempleo profundiza la crisis social y expone la falta de respuestas efectivas frente a un mercado laboral cada vez m\u00e1s deteriorado.<\/p>\n<p>&nbsp;<\/p>\n","protected":false},"excerpt":{"rendered":"<p>Tierra del Fuego: desempleo entre los m\u00e1s altos de la Patagonia Seg\u00fan datos oficiales, el conglomerado Ushuaia\u2013R\u00edo Grande<\/p>\n","protected":false},"author":5,"featured_media":6595,"comment_status":"open","ping_status":"open","sticky":false,"template":"","format":"standard","meta":{"footnotes":""},"categories":[29,2],"tags":[4137,698,1458],"class_list":["post-12468","post","type-post","status-publish","format-standard","has-post-thumbnail","hentry","category-interes-general","category-tierra-del-fuego","tag-alto-desempleo","tag-crisis-economica","tag-desempleo"],"featured_image_urls":{"full":["https:\/\/opinionpublica.com.ar\/index\/wp-content\/uploads\/2024\/10\/20241023102011291a0ac6cfbc93409f6221865fbfa18e_med-rio-grande-capacitacion.jpg",800,532,false],"thumbnail":["https:\/\/opinionpublica.com.ar\/index\/wp-content\/uploads\/2024\/10\/20241023102011291a0ac6cfbc93409f6221865fbfa18e_med-rio-grande-capacitacion-150x150.jpg",150,150,true],"medium":["https:\/\/opinionpublica.com.ar\/index\/wp-content\/uploads\/2024\/10\/20241023102011291a0ac6cfbc93409f6221865fbfa18e_med-rio-grande-capacitacion-300x200.jpg",300,200,true],"medium_large":["https:\/\/opinionpublica.com.ar\/index\/wp-content\/uploads\/2024\/10\/20241023102011291a0ac6cfbc93409f6221865fbfa18e_med-rio-grande-capacitacion-768x511.jpg",640,426,true],"large":["https:\/\/opinionpublica.com.ar\/index\/wp-content\/uploads\/2024\/10\/20241023102011291a0ac6cfbc93409f6221865fbfa18e_med-rio-grande-capacitacion.jpg",640,426,false],"1536x1536":["https:\/\/opinionpublica.com.ar\/index\/wp-content\/uploads\/2024\/10\/20241023102011291a0ac6cfbc93409f6221865fbfa18e_med-rio-grande-capacitacion.jpg",800,532,false],"2048x2048":["https:\/\/opinionpublica.com.ar\/index\/wp-content\/uploads\/2024\/10\/20241023102011291a0ac6cfbc93409f6221865fbfa18e_med-rio-grande-capacitacion.jpg",800,532,false],"morenews-large":["https:\/\/opinionpublica.com.ar\/index\/wp-content\/uploads\/2024\/10\/20241023102011291a0ac6cfbc93409f6221865fbfa18e_med-rio-grande-capacitacion.jpg",800,532,false],"morenews-medium":["https:\/\/opinionpublica.com.ar\/index\/wp-content\/uploads\/2024\/10\/20241023102011291a0ac6cfbc93409f6221865fbfa18e_med-rio-grande-capacitacion-590x410.jpg",590,410,true]},"author_info":{"display_name":"Hal","author_link":"https:\/\/opinionpublica.com.ar\/index\/author\/hal\/"},"category_info":"<a href=\"https:\/\/opinionpublica.com.ar\/index\/category\/interes-general\/\" rel=\"category tag\">Interes General<\/a> <a href=\"https:\/\/opinionpublica.com.ar\/index\/category\/tierra-del-fuego\/\" rel=\"category tag\">Tierra del Fuego<\/a>","tag_info":"Tierra del Fuego","comment_count":"0","_links":{"self":[{"href":"https:\/\/opinionpublica.com.ar\/index\/wp-json\/wp\/v2\/posts\/12468","targetHints":{"allow":["GET"]}}],"collection":[{"href":"https:\/\/opinionpublica.com.ar\/index\/wp-json\/wp\/v2\/posts"}],"about":[{"href":"https:\/\/opinionpublica.com.ar\/index\/wp-json\/wp\/v2\/types\/post"}],"author":[{"embeddable":true,"href":"https:\/\/opinionpublica.com.ar\/index\/wp-json\/wp\/v2\/users\/5"}],"replies":[{"embeddable":true,"href":"https:\/\/opinionpublica.com.ar\/index\/wp-json\/wp\/v2\/comments?post=12468"}],"version-history":[{"count":2,"href":"https:\/\/opinionpublica.com.ar\/index\/wp-json\/wp\/v2\/posts\/12468\/revisions"}],"predecessor-version":[{"id":12480,"href":"https:\/\/opinionpublica.com.ar\/index\/wp-json\/wp\/v2\/posts\/12468\/revisions\/12480"}],"wp:featuredmedia":[{"embeddable":true,"href":"https:\/\/opinionpublica.com.ar\/index\/wp-json\/wp\/v2\/media\/6595"}],"wp:attachment":[{"href":"https:\/\/opinionpublica.com.ar\/index\/wp-json\/wp\/v2\/media?parent=12468"}],"wp:term":[{"taxonomy":"category","embeddable":true,"href":"https:\/\/opinionpublica.com.ar\/index\/wp-json\/wp\/v2\/categories?post=12468"},{"taxonomy":"post_tag","embeddable":true,"href":"https:\/\/opinionpublica.com.ar\/index\/wp-json\/wp\/v2\/tags?post=12468"}],"curies":[{"name":"wp","href":"https:\/\/api.w.org\/{rel}","templated":true}]}}