{"id":12472,"date":"2026-03-03T15:24:38","date_gmt":"2026-03-03T18:24:38","guid":{"rendered":"https:\/\/opinionpublica.com.ar\/index\/?p=12472"},"modified":"2026-03-03T15:24:38","modified_gmt":"2026-03-03T18:24:38","slug":"caida-de-la-recaudacion-provincial-preocupa-a-economistas-y-empresarios","status":"publish","type":"post","link":"https:\/\/opinionpublica.com.ar\/index\/caida-de-la-recaudacion-provincial-preocupa-a-economistas-y-empresarios\/","title":{"rendered":"Ca\u00edda de la recaudaci\u00f3n provincial preocupa a economistas y empresarios"},"content":{"rendered":"<h3>Ca\u00edda de la recaudaci\u00f3n provincial preocupa a economistas y empresarios<\/h3>\n<p><a href=\"https:\/\/opinionpublica.com.ar\/index\/wp-content\/uploads\/2024\/03\/Sobrevolando_Ushuaia_en_Helicoptero_-_Helicopter_flying_over_Ushuaia_._-_panoramio-scaled.jpg\"><img fetchpriority=\"high\" decoding=\"async\" class=\"size-full wp-image-381\" src=\"https:\/\/opinionpublica.com.ar\/index\/wp-content\/uploads\/2024\/03\/Sobrevolando_Ushuaia_en_Helicoptero_-_Helicopter_flying_over_Ushuaia_._-_panoramio-scaled.jpg\" alt=\"\" width=\"2560\" height=\"1920\" srcset=\"https:\/\/opinionpublica.com.ar\/index\/wp-content\/uploads\/2024\/03\/Sobrevolando_Ushuaia_en_Helicoptero_-_Helicopter_flying_over_Ushuaia_._-_panoramio-scaled.jpg 2560w, https:\/\/opinionpublica.com.ar\/index\/wp-content\/uploads\/2024\/03\/Sobrevolando_Ushuaia_en_Helicoptero_-_Helicopter_flying_over_Ushuaia_._-_panoramio-300x225.jpg 300w, https:\/\/opinionpublica.com.ar\/index\/wp-content\/uploads\/2024\/03\/Sobrevolando_Ushuaia_en_Helicoptero_-_Helicopter_flying_over_Ushuaia_._-_panoramio-1024x768.jpg 1024w, https:\/\/opinionpublica.com.ar\/index\/wp-content\/uploads\/2024\/03\/Sobrevolando_Ushuaia_en_Helicoptero_-_Helicopter_flying_over_Ushuaia_._-_panoramio-768x576.jpg 768w, https:\/\/opinionpublica.com.ar\/index\/wp-content\/uploads\/2024\/03\/Sobrevolando_Ushuaia_en_Helicoptero_-_Helicopter_flying_over_Ushuaia_._-_panoramio-1536x1152.jpg 1536w, https:\/\/opinionpublica.com.ar\/index\/wp-content\/uploads\/2024\/03\/Sobrevolando_Ushuaia_en_Helicoptero_-_Helicopter_flying_over_Ushuaia_._-_panoramio-2048x1536.jpg 2048w\" sizes=\"(max-width: 2560px) 100vw, 2560px\" \/><\/a><\/p>\n<p>Expertos locales advirtieron que la provincia de Tierra del Fuego enfrent\u00f3 una ca\u00edda real del 10% en su recaudaci\u00f3n fiscal, producto de la inflaci\u00f3n y la retracci\u00f3n de la actividad econ\u00f3mica. Sectores como la industria y las finanzas sufren una menor base imponible, reduciendo ingresos clave para el presupuesto provincial. La falta de inversiones y el estancamiento productivo agravan las perspectivas fiscales, con pron\u00f3sticos de un a\u00f1o dif\u00edcil para las cuentas p\u00fablicas. La advertencia encendi\u00f3 alarmas en economistas, que se\u00f1alan que sin recuperaci\u00f3n industrial ni incentivos claros, la crisis fiscal se profundizar\u00e1, afectando servicios y obras p\u00fablicas.<\/p>\n<p>&nbsp;<\/p>\n","protected":false},"excerpt":{"rendered":"<p>Ca\u00edda de la recaudaci\u00f3n provincial preocupa a economistas y empresarios Expertos locales advirtieron que la provincia de Tierra<\/p>\n","protected":false},"author":5,"featured_media":381,"comment_status":"open","ping_status":"open","sticky":false,"template":"","format":"standard","meta":{"footnotes":""},"categories":[2],"tags":[4138,4139],"class_list":["post-12472","post","type-post","status-publish","format-standard","has-post-thumbnail","hentry","category-tierra-del-fuego","tag-baja-recaudacion","tag-preocupacion-empresarial"],"featured_image_urls":{"full":["https:\/\/opinionpublica.com.ar\/index\/wp-content\/uploads\/2024\/03\/Sobrevolando_Ushuaia_en_Helicoptero_-_Helicopter_flying_over_Ushuaia_._-_panoramio-scaled.jpg",2560,1920,false],"thumbnail":["https:\/\/opinionpublica.com.ar\/index\/wp-content\/uploads\/2024\/03\/Sobrevolando_Ushuaia_en_Helicoptero_-_Helicopter_flying_over_Ushuaia_._-_panoramio-150x150.jpg",150,150,true],"medium":["https:\/\/opinionpublica.com.ar\/index\/wp-content\/uploads\/2024\/03\/Sobrevolando_Ushuaia_en_Helicoptero_-_Helicopter_flying_over_Ushuaia_._-_panoramio-300x225.jpg",300,225,true],"medium_large":["https:\/\/opinionpublica.com.ar\/index\/wp-content\/uploads\/2024\/03\/Sobrevolando_Ushuaia_en_Helicoptero_-_Helicopter_flying_over_Ushuaia_._-_panoramio-768x576.jpg",640,480,true],"large":["https:\/\/opinionpublica.com.ar\/index\/wp-content\/uploads\/2024\/03\/Sobrevolando_Ushuaia_en_Helicoptero_-_Helicopter_flying_over_Ushuaia_._-_panoramio-1024x768.jpg",640,480,true],"1536x1536":["https:\/\/opinionpublica.com.ar\/index\/wp-content\/uploads\/2024\/03\/Sobrevolando_Ushuaia_en_Helicoptero_-_Helicopter_flying_over_Ushuaia_._-_panoramio-1536x1152.jpg",1536,1152,true],"2048x2048":["https:\/\/opinionpublica.com.ar\/index\/wp-content\/uploads\/2024\/03\/Sobrevolando_Ushuaia_en_Helicoptero_-_Helicopter_flying_over_Ushuaia_._-_panoramio-2048x1536.jpg",2048,1536,true],"morenews-large":["https:\/\/opinionpublica.com.ar\/index\/wp-content\/uploads\/2024\/03\/Sobrevolando_Ushuaia_en_Helicoptero_-_Helicopter_flying_over_Ushuaia_._-_panoramio-825x575.jpg",825,575,true],"morenews-medium":["https:\/\/opinionpublica.com.ar\/index\/wp-content\/uploads\/2024\/03\/Sobrevolando_Ushuaia_en_Helicoptero_-_Helicopter_flying_over_Ushuaia_._-_panoramio-590x410.jpg",590,410,true]},"author_info":{"display_name":"Hal","author_link":"https:\/\/opinionpublica.com.ar\/index\/author\/hal\/"},"category_info":"<a href=\"https:\/\/opinionpublica.com.ar\/index\/category\/tierra-del-fuego\/\" rel=\"category tag\">Tierra del Fuego<\/a>","tag_info":"Tierra del Fuego","comment_count":"0","_links":{"self":[{"href":"https:\/\/opinionpublica.com.ar\/index\/wp-json\/wp\/v2\/posts\/12472","targetHints":{"allow":["GET"]}}],"collection":[{"href":"https:\/\/opinionpublica.com.ar\/index\/wp-json\/wp\/v2\/posts"}],"about":[{"href":"https:\/\/opinionpublica.com.ar\/index\/wp-json\/wp\/v2\/types\/post"}],"author":[{"embeddable":true,"href":"https:\/\/opinionpublica.com.ar\/index\/wp-json\/wp\/v2\/users\/5"}],"replies":[{"embeddable":true,"href":"https:\/\/opinionpublica.com.ar\/index\/wp-json\/wp\/v2\/comments?post=12472"}],"version-history":[{"count":3,"href":"https:\/\/opinionpublica.com.ar\/index\/wp-json\/wp\/v2\/posts\/12472\/revisions"}],"predecessor-version":[{"id":12481,"href":"https:\/\/opinionpublica.com.ar\/index\/wp-json\/wp\/v2\/posts\/12472\/revisions\/12481"}],"wp:featuredmedia":[{"embeddable":true,"href":"https:\/\/opinionpublica.com.ar\/index\/wp-json\/wp\/v2\/media\/381"}],"wp:attachment":[{"href":"https:\/\/opinionpublica.com.ar\/index\/wp-json\/wp\/v2\/media?parent=12472"}],"wp:term":[{"taxonomy":"category","embeddable":true,"href":"https:\/\/opinionpublica.com.ar\/index\/wp-json\/wp\/v2\/categories?post=12472"},{"taxonomy":"post_tag","embeddable":true,"href":"https:\/\/opinionpublica.com.ar\/index\/wp-json\/wp\/v2\/tags?post=12472"}],"curies":[{"name":"wp","href":"https:\/\/api.w.org\/{rel}","templated":true}]}}