{"id":12495,"date":"2026-03-04T09:47:55","date_gmt":"2026-03-04T12:47:55","guid":{"rendered":"https:\/\/opinionpublica.com.ar\/index\/?p=12495"},"modified":"2026-03-04T09:47:55","modified_gmt":"2026-03-04T12:47:55","slug":"economia-real-estancada-gasto-publico-cae-fuerte-y-consumo-se-mantiene-con-credito","status":"publish","type":"post","link":"https:\/\/opinionpublica.com.ar\/index\/economia-real-estancada-gasto-publico-cae-fuerte-y-consumo-se-mantiene-con-credito\/","title":{"rendered":"Econom\u00eda real estancada: gasto p\u00fablico cae fuerte y consumo se mantiene con cr\u00e9dito"},"content":{"rendered":"<h3>Econom\u00eda real estancada: gasto p\u00fablico cae fuerte y consumo se mantiene con cr\u00e9dito<\/h3>\n<p><a href=\"https:\/\/opinionpublica.com.ar\/index\/wp-content\/uploads\/2026\/03\/bills.jpg\"><img fetchpriority=\"high\" decoding=\"async\" class=\"alignnone size-full wp-image-12508\" src=\"https:\/\/opinionpublica.com.ar\/index\/wp-content\/uploads\/2026\/03\/bills.jpg\" alt=\"\" width=\"1280\" height=\"1920\" srcset=\"https:\/\/opinionpublica.com.ar\/index\/wp-content\/uploads\/2026\/03\/bills.jpg 1280w, https:\/\/opinionpublica.com.ar\/index\/wp-content\/uploads\/2026\/03\/bills-200x300.jpg 200w, https:\/\/opinionpublica.com.ar\/index\/wp-content\/uploads\/2026\/03\/bills-683x1024.jpg 683w, https:\/\/opinionpublica.com.ar\/index\/wp-content\/uploads\/2026\/03\/bills-768x1152.jpg 768w, https:\/\/opinionpublica.com.ar\/index\/wp-content\/uploads\/2026\/03\/bills-1024x1536.jpg 1024w\" sizes=\"(max-width: 1280px) 100vw, 1280px\" \/><\/a><\/p>\n<p>Un informe reciente destaca que, pese a indicadores macroecon\u00f3micos estables, la econom\u00eda real en Tierra del Fuego sigue planchada. El gasto p\u00fablico cay\u00f3 27% interanual y la industria contin\u00faa en recesi\u00f3n, con ventas en ca\u00edda e inversi\u00f3n p\u00fablica casi paralizada. Analistas locales se\u00f1alan que la supuesta \u201cestabilizaci\u00f3n\u201d no se traduce en mejoras para los fueguinos, y que la ca\u00edda del consumo apenas se mantiene gracias al endeudamiento de los hogares.<\/p>\n<p>&nbsp;<\/p>\n","protected":false},"excerpt":{"rendered":"<p>Econom\u00eda real estancada: gasto p\u00fablico cae fuerte y consumo se mantiene con cr\u00e9dito Un informe reciente destaca que,<\/p>\n","protected":false},"author":5,"featured_media":12508,"comment_status":"open","ping_status":"open","sticky":false,"template":"","format":"standard","meta":{"footnotes":""},"categories":[29,2],"tags":[512,2162,4149],"class_list":["post-12495","post","type-post","status-publish","format-standard","has-post-thumbnail","hentry","category-interes-general","category-tierra-del-fuego","tag-caida-consumo","tag-economia-fueguina","tag-estancamiento"],"featured_image_urls":{"full":["https:\/\/opinionpublica.com.ar\/index\/wp-content\/uploads\/2026\/03\/bills.jpg",1280,1920,false],"thumbnail":["https:\/\/opinionpublica.com.ar\/index\/wp-content\/uploads\/2026\/03\/bills-150x150.jpg",150,150,true],"medium":["https:\/\/opinionpublica.com.ar\/index\/wp-content\/uploads\/2026\/03\/bills-200x300.jpg",200,300,true],"medium_large":["https:\/\/opinionpublica.com.ar\/index\/wp-content\/uploads\/2026\/03\/bills-768x1152.jpg",640,960,true],"large":["https:\/\/opinionpublica.com.ar\/index\/wp-content\/uploads\/2026\/03\/bills-683x1024.jpg",640,960,true],"1536x1536":["https:\/\/opinionpublica.com.ar\/index\/wp-content\/uploads\/2026\/03\/bills-1024x1536.jpg",1024,1536,true],"2048x2048":["https:\/\/opinionpublica.com.ar\/index\/wp-content\/uploads\/2026\/03\/bills.jpg",1280,1920,false],"morenews-large":["https:\/\/opinionpublica.com.ar\/index\/wp-content\/uploads\/2026\/03\/bills-825x575.jpg",825,575,true],"morenews-medium":["https:\/\/opinionpublica.com.ar\/index\/wp-content\/uploads\/2026\/03\/bills-590x410.jpg",590,410,true]},"author_info":{"display_name":"Hal","author_link":"https:\/\/opinionpublica.com.ar\/index\/author\/hal\/"},"category_info":"<a href=\"https:\/\/opinionpublica.com.ar\/index\/category\/interes-general\/\" rel=\"category tag\">Interes General<\/a> <a href=\"https:\/\/opinionpublica.com.ar\/index\/category\/tierra-del-fuego\/\" rel=\"category tag\">Tierra del Fuego<\/a>","tag_info":"Tierra del Fuego","comment_count":"0","_links":{"self":[{"href":"https:\/\/opinionpublica.com.ar\/index\/wp-json\/wp\/v2\/posts\/12495","targetHints":{"allow":["GET"]}}],"collection":[{"href":"https:\/\/opinionpublica.com.ar\/index\/wp-json\/wp\/v2\/posts"}],"about":[{"href":"https:\/\/opinionpublica.com.ar\/index\/wp-json\/wp\/v2\/types\/post"}],"author":[{"embeddable":true,"href":"https:\/\/opinionpublica.com.ar\/index\/wp-json\/wp\/v2\/users\/5"}],"replies":[{"embeddable":true,"href":"https:\/\/opinionpublica.com.ar\/index\/wp-json\/wp\/v2\/comments?post=12495"}],"version-history":[{"count":4,"href":"https:\/\/opinionpublica.com.ar\/index\/wp-json\/wp\/v2\/posts\/12495\/revisions"}],"predecessor-version":[{"id":12509,"href":"https:\/\/opinionpublica.com.ar\/index\/wp-json\/wp\/v2\/posts\/12495\/revisions\/12509"}],"wp:featuredmedia":[{"embeddable":true,"href":"https:\/\/opinionpublica.com.ar\/index\/wp-json\/wp\/v2\/media\/12508"}],"wp:attachment":[{"href":"https:\/\/opinionpublica.com.ar\/index\/wp-json\/wp\/v2\/media?parent=12495"}],"wp:term":[{"taxonomy":"category","embeddable":true,"href":"https:\/\/opinionpublica.com.ar\/index\/wp-json\/wp\/v2\/categories?post=12495"},{"taxonomy":"post_tag","embeddable":true,"href":"https:\/\/opinionpublica.com.ar\/index\/wp-json\/wp\/v2\/tags?post=12495"}],"curies":[{"name":"wp","href":"https:\/\/api.w.org\/{rel}","templated":true}]}}