{"id":12501,"date":"2026-03-04T09:24:33","date_gmt":"2026-03-04T12:24:33","guid":{"rendered":"https:\/\/opinionpublica.com.ar\/index\/?p=12501"},"modified":"2026-03-04T09:24:33","modified_gmt":"2026-03-04T12:24:33","slug":"intervencion-del-puerto-de-ushuaia-tensiona-relacion-gobierno-oposicion","status":"publish","type":"post","link":"https:\/\/opinionpublica.com.ar\/index\/intervencion-del-puerto-de-ushuaia-tensiona-relacion-gobierno-oposicion\/","title":{"rendered":"Intervenci\u00f3n del Puerto de Ushuaia tensiona relaci\u00f3n gobierno-oposici\u00f3n"},"content":{"rendered":"<h3>Intervenci\u00f3n del Puerto de Ushuaia tensiona relaci\u00f3n gobierno-oposici\u00f3n<\/h3>\n<p><a href=\"https:\/\/opinionpublica.com.ar\/index\/wp-content\/uploads\/2025\/10\/puerto-ushuaia.jpg\"><img fetchpriority=\"high\" decoding=\"async\" class=\"alignnone size-full wp-image-11457\" src=\"https:\/\/opinionpublica.com.ar\/index\/wp-content\/uploads\/2025\/10\/puerto-ushuaia.jpg\" alt=\"\" width=\"1600\" height=\"1116\" srcset=\"https:\/\/opinionpublica.com.ar\/index\/wp-content\/uploads\/2025\/10\/puerto-ushuaia.jpg 1600w, https:\/\/opinionpublica.com.ar\/index\/wp-content\/uploads\/2025\/10\/puerto-ushuaia-300x209.jpg 300w, https:\/\/opinionpublica.com.ar\/index\/wp-content\/uploads\/2025\/10\/puerto-ushuaia-1024x714.jpg 1024w, https:\/\/opinionpublica.com.ar\/index\/wp-content\/uploads\/2025\/10\/puerto-ushuaia-768x536.jpg 768w, https:\/\/opinionpublica.com.ar\/index\/wp-content\/uploads\/2025\/10\/puerto-ushuaia-1536x1071.jpg 1536w, https:\/\/opinionpublica.com.ar\/index\/wp-content\/uploads\/2025\/10\/puerto-ushuaia-825x575.jpg 825w\" sizes=\"(max-width: 1600px) 100vw, 1600px\" \/><\/a><\/p>\n<p>A nivel nacional, el gobierno del presidente Javier Milei dispuso la intervenci\u00f3n administrativa del puerto de Ushuaia, el m\u00e1s austral de Argentina, retirando la gesti\u00f3n provincial y generando un fuerte rechazo de la oposici\u00f3n. El gobernador acus\u00f3 la medida de violar la autonom\u00eda provincial y cuestion\u00f3 posibles acuerdos geopol\u00edticos con EE. UU. que podr\u00edan afectar la soberan\u00eda local y los ingresos fiscales de la provincia.<\/p>\n<p>&nbsp;<\/p>\n","protected":false},"excerpt":{"rendered":"<p>Intervenci\u00f3n del Puerto de Ushuaia tensiona relaci\u00f3n gobierno-oposici\u00f3n A nivel nacional, el gobierno del presidente Javier Milei dispuso<\/p>\n","protected":false},"author":5,"featured_media":11457,"comment_status":"open","ping_status":"open","sticky":false,"template":"","format":"standard","meta":{"footnotes":""},"categories":[21],"tags":[889,3931],"class_list":["post-12501","post","type-post","status-publish","format-standard","has-post-thumbnail","hentry","category-ushuaia","tag-intervencion","tag-puerto-ushuaia"],"featured_image_urls":{"full":["https:\/\/opinionpublica.com.ar\/index\/wp-content\/uploads\/2025\/10\/puerto-ushuaia.jpg",1600,1116,false],"thumbnail":["https:\/\/opinionpublica.com.ar\/index\/wp-content\/uploads\/2025\/10\/puerto-ushuaia-150x150.jpg",150,150,true],"medium":["https:\/\/opinionpublica.com.ar\/index\/wp-content\/uploads\/2025\/10\/puerto-ushuaia-300x209.jpg",300,209,true],"medium_large":["https:\/\/opinionpublica.com.ar\/index\/wp-content\/uploads\/2025\/10\/puerto-ushuaia-768x536.jpg",640,447,true],"large":["https:\/\/opinionpublica.com.ar\/index\/wp-content\/uploads\/2025\/10\/puerto-ushuaia-1024x714.jpg",640,446,true],"1536x1536":["https:\/\/opinionpublica.com.ar\/index\/wp-content\/uploads\/2025\/10\/puerto-ushuaia-1536x1071.jpg",1536,1071,true],"2048x2048":["https:\/\/opinionpublica.com.ar\/index\/wp-content\/uploads\/2025\/10\/puerto-ushuaia.jpg",1600,1116,false],"morenews-large":["https:\/\/opinionpublica.com.ar\/index\/wp-content\/uploads\/2025\/10\/puerto-ushuaia-825x575.jpg",825,575,true],"morenews-medium":["https:\/\/opinionpublica.com.ar\/index\/wp-content\/uploads\/2025\/10\/puerto-ushuaia-590x410.jpg",590,410,true]},"author_info":{"display_name":"Hal","author_link":"https:\/\/opinionpublica.com.ar\/index\/author\/hal\/"},"category_info":"<a href=\"https:\/\/opinionpublica.com.ar\/index\/category\/ushuaia\/\" rel=\"category tag\">Ushuaia<\/a>","tag_info":"Ushuaia","comment_count":"0","_links":{"self":[{"href":"https:\/\/opinionpublica.com.ar\/index\/wp-json\/wp\/v2\/posts\/12501","targetHints":{"allow":["GET"]}}],"collection":[{"href":"https:\/\/opinionpublica.com.ar\/index\/wp-json\/wp\/v2\/posts"}],"about":[{"href":"https:\/\/opinionpublica.com.ar\/index\/wp-json\/wp\/v2\/types\/post"}],"author":[{"embeddable":true,"href":"https:\/\/opinionpublica.com.ar\/index\/wp-json\/wp\/v2\/users\/5"}],"replies":[{"embeddable":true,"href":"https:\/\/opinionpublica.com.ar\/index\/wp-json\/wp\/v2\/comments?post=12501"}],"version-history":[{"count":1,"href":"https:\/\/opinionpublica.com.ar\/index\/wp-json\/wp\/v2\/posts\/12501\/revisions"}],"predecessor-version":[{"id":12502,"href":"https:\/\/opinionpublica.com.ar\/index\/wp-json\/wp\/v2\/posts\/12501\/revisions\/12502"}],"wp:featuredmedia":[{"embeddable":true,"href":"https:\/\/opinionpublica.com.ar\/index\/wp-json\/wp\/v2\/media\/11457"}],"wp:attachment":[{"href":"https:\/\/opinionpublica.com.ar\/index\/wp-json\/wp\/v2\/media?parent=12501"}],"wp:term":[{"taxonomy":"category","embeddable":true,"href":"https:\/\/opinionpublica.com.ar\/index\/wp-json\/wp\/v2\/categories?post=12501"},{"taxonomy":"post_tag","embeddable":true,"href":"https:\/\/opinionpublica.com.ar\/index\/wp-json\/wp\/v2\/tags?post=12501"}],"curies":[{"name":"wp","href":"https:\/\/api.w.org\/{rel}","templated":true}]}}