{"id":12503,"date":"2026-03-04T09:31:44","date_gmt":"2026-03-04T12:31:44","guid":{"rendered":"https:\/\/opinionpublica.com.ar\/index\/?p=12503"},"modified":"2026-03-04T09:31:44","modified_gmt":"2026-03-04T12:31:44","slug":"movilizacion-por-crisis-en-el-sistema-de-salud-jubilados-y-trabajadores-exigen-soluciones","status":"publish","type":"post","link":"https:\/\/opinionpublica.com.ar\/index\/movilizacion-por-crisis-en-el-sistema-de-salud-jubilados-y-trabajadores-exigen-soluciones\/","title":{"rendered":"Movilizaci\u00f3n por crisis en el sistema de salud: jubilados y trabajadores exigen soluciones"},"content":{"rendered":"<h3>Movilizaci\u00f3n por crisis en el sistema de salud: jubilados y trabajadores exigen soluciones<\/h3>\n<p><a href=\"https:\/\/opinionpublica.com.ar\/index\/wp-content\/uploads\/2024\/12\/20241201182032_osef-22-soem-osef.jpg\"><img fetchpriority=\"high\" decoding=\"async\" class=\"alignnone size-full wp-image-7600\" src=\"https:\/\/opinionpublica.com.ar\/index\/wp-content\/uploads\/2024\/12\/20241201182032_osef-22-soem-osef.jpg\" alt=\"\" width=\"880\" height=\"512\" srcset=\"https:\/\/opinionpublica.com.ar\/index\/wp-content\/uploads\/2024\/12\/20241201182032_osef-22-soem-osef.jpg 880w, https:\/\/opinionpublica.com.ar\/index\/wp-content\/uploads\/2024\/12\/20241201182032_osef-22-soem-osef-300x175.jpg 300w, https:\/\/opinionpublica.com.ar\/index\/wp-content\/uploads\/2024\/12\/20241201182032_osef-22-soem-osef-768x447.jpg 768w\" sizes=\"(max-width: 880px) 100vw, 880px\" \/><\/a><\/p>\n<p>En Ushuaia, jubilados y trabajadores convocaron a una movilizaci\u00f3n frente a Casa de Gobierno para denunciar la grave situaci\u00f3n de la obra social estatal (OSEF). Usuarios aseguran que la falta de cobertura m\u00e9dica ha paralizado tratamientos, cirug\u00edas y consultas, en una provincia donde los problemas fiscales han impactado directamente en los servicios p\u00fablicos b\u00e1sicos.<\/p>\n<p>&nbsp;<\/p>\n","protected":false},"excerpt":{"rendered":"<p>Movilizaci\u00f3n por crisis en el sistema de salud: jubilados y trabajadores exigen soluciones En Ushuaia, jubilados y trabajadores<\/p>\n","protected":false},"author":5,"featured_media":7600,"comment_status":"open","ping_status":"open","sticky":false,"template":"","format":"standard","meta":{"footnotes":""},"categories":[2,21],"tags":[2864,261,1333],"class_list":["post-12503","post","type-post","status-publish","format-standard","has-post-thumbnail","hentry","category-tierra-del-fuego","category-ushuaia","tag-crisis-en-osef","tag-jubilados","tag-movilizacion"],"featured_image_urls":{"full":["https:\/\/opinionpublica.com.ar\/index\/wp-content\/uploads\/2024\/12\/20241201182032_osef-22-soem-osef.jpg",880,512,false],"thumbnail":["https:\/\/opinionpublica.com.ar\/index\/wp-content\/uploads\/2024\/12\/20241201182032_osef-22-soem-osef-150x150.jpg",150,150,true],"medium":["https:\/\/opinionpublica.com.ar\/index\/wp-content\/uploads\/2024\/12\/20241201182032_osef-22-soem-osef-300x175.jpg",300,175,true],"medium_large":["https:\/\/opinionpublica.com.ar\/index\/wp-content\/uploads\/2024\/12\/20241201182032_osef-22-soem-osef-768x447.jpg",640,373,true],"large":["https:\/\/opinionpublica.com.ar\/index\/wp-content\/uploads\/2024\/12\/20241201182032_osef-22-soem-osef.jpg",640,372,false],"1536x1536":["https:\/\/opinionpublica.com.ar\/index\/wp-content\/uploads\/2024\/12\/20241201182032_osef-22-soem-osef.jpg",880,512,false],"2048x2048":["https:\/\/opinionpublica.com.ar\/index\/wp-content\/uploads\/2024\/12\/20241201182032_osef-22-soem-osef.jpg",880,512,false],"morenews-large":["https:\/\/opinionpublica.com.ar\/index\/wp-content\/uploads\/2024\/12\/20241201182032_osef-22-soem-osef-825x512.jpg",825,512,true],"morenews-medium":["https:\/\/opinionpublica.com.ar\/index\/wp-content\/uploads\/2024\/12\/20241201182032_osef-22-soem-osef-590x410.jpg",590,410,true]},"author_info":{"display_name":"Hal","author_link":"https:\/\/opinionpublica.com.ar\/index\/author\/hal\/"},"category_info":"<a href=\"https:\/\/opinionpublica.com.ar\/index\/category\/tierra-del-fuego\/\" rel=\"category tag\">Tierra del Fuego<\/a> <a href=\"https:\/\/opinionpublica.com.ar\/index\/category\/ushuaia\/\" rel=\"category tag\">Ushuaia<\/a>","tag_info":"Ushuaia","comment_count":"0","_links":{"self":[{"href":"https:\/\/opinionpublica.com.ar\/index\/wp-json\/wp\/v2\/posts\/12503","targetHints":{"allow":["GET"]}}],"collection":[{"href":"https:\/\/opinionpublica.com.ar\/index\/wp-json\/wp\/v2\/posts"}],"about":[{"href":"https:\/\/opinionpublica.com.ar\/index\/wp-json\/wp\/v2\/types\/post"}],"author":[{"embeddable":true,"href":"https:\/\/opinionpublica.com.ar\/index\/wp-json\/wp\/v2\/users\/5"}],"replies":[{"embeddable":true,"href":"https:\/\/opinionpublica.com.ar\/index\/wp-json\/wp\/v2\/comments?post=12503"}],"version-history":[{"count":1,"href":"https:\/\/opinionpublica.com.ar\/index\/wp-json\/wp\/v2\/posts\/12503\/revisions"}],"predecessor-version":[{"id":12504,"href":"https:\/\/opinionpublica.com.ar\/index\/wp-json\/wp\/v2\/posts\/12503\/revisions\/12504"}],"wp:featuredmedia":[{"embeddable":true,"href":"https:\/\/opinionpublica.com.ar\/index\/wp-json\/wp\/v2\/media\/7600"}],"wp:attachment":[{"href":"https:\/\/opinionpublica.com.ar\/index\/wp-json\/wp\/v2\/media?parent=12503"}],"wp:term":[{"taxonomy":"category","embeddable":true,"href":"https:\/\/opinionpublica.com.ar\/index\/wp-json\/wp\/v2\/categories?post=12503"},{"taxonomy":"post_tag","embeddable":true,"href":"https:\/\/opinionpublica.com.ar\/index\/wp-json\/wp\/v2\/tags?post=12503"}],"curies":[{"name":"wp","href":"https:\/\/api.w.org\/{rel}","templated":true}]}}