{"id":12506,"date":"2026-03-04T09:38:52","date_gmt":"2026-03-04T12:38:52","guid":{"rendered":"https:\/\/opinionpublica.com.ar\/index\/?p=12506"},"modified":"2026-03-04T09:38:52","modified_gmt":"2026-03-04T12:38:52","slug":"division-interna-del-pj-fueguino-y-criticas-desde-la-oposicion-provincial","status":"publish","type":"post","link":"https:\/\/opinionpublica.com.ar\/index\/division-interna-del-pj-fueguino-y-criticas-desde-la-oposicion-provincial\/","title":{"rendered":"Divisi\u00f3n interna del PJ fueguino y cr\u00edticas desde la oposici\u00f3n provincial"},"content":{"rendered":"<h3>Divisi\u00f3n interna del PJ fueguino y cr\u00edticas desde la oposici\u00f3n provincial<\/h3>\n<p><a href=\"https:\/\/opinionpublica.com.ar\/index\/wp-content\/uploads\/2024\/06\/walter-vuoto-1.jpg\"><img fetchpriority=\"high\" decoding=\"async\" class=\"alignnone size-full wp-image-4160\" src=\"https:\/\/opinionpublica.com.ar\/index\/wp-content\/uploads\/2024\/06\/walter-vuoto-1.jpg\" alt=\"\" width=\"900\" height=\"600\" srcset=\"https:\/\/opinionpublica.com.ar\/index\/wp-content\/uploads\/2024\/06\/walter-vuoto-1.jpg 900w, https:\/\/opinionpublica.com.ar\/index\/wp-content\/uploads\/2024\/06\/walter-vuoto-1-300x200.jpg 300w, https:\/\/opinionpublica.com.ar\/index\/wp-content\/uploads\/2024\/06\/walter-vuoto-1-768x512.jpg 768w\" sizes=\"(max-width: 900px) 100vw, 900px\" \/><\/a><\/p>\n<p>Mientras la oposici\u00f3n territorial se reorganiza, sectores del peronismo local protagonizan discusiones internas luego de la derrota electoral de 2025. Algunos referentes impulsan al intendente de Ushuaia como figura para la gobernaci\u00f3n, y se multiplican las cr\u00edticas cruzadas entre el oficialismo provincial y la oposici\u00f3n \u2014incluido el rechazo abierto de dirigentes gremiales a la gesti\u00f3n actual por \u201cpriorizar ambiciones pol\u00edticas sobre la crisis social\u201d.<\/p>\n<p>&nbsp;<\/p>\n","protected":false},"excerpt":{"rendered":"<p>Divisi\u00f3n interna del PJ fueguino y cr\u00edticas desde la oposici\u00f3n provincial Mientras la oposici\u00f3n territorial se reorganiza, sectores<\/p>\n","protected":false},"author":5,"featured_media":0,"comment_status":"open","ping_status":"open","sticky":false,"template":"","format":"standard","meta":{"footnotes":""},"categories":[27,2],"tags":[4148,4147,538],"class_list":["post-12506","post","type-post","status-publish","format-standard","hentry","category-politica","category-tierra-del-fuego","tag-division-interna","tag-pj-fueguino","tag-walter-vuoto"],"featured_image_urls":{"full":"","thumbnail":"","medium":"","medium_large":"","large":"","1536x1536":"","2048x2048":"","morenews-large":"","morenews-medium":""},"author_info":{"display_name":"Hal","author_link":"https:\/\/opinionpublica.com.ar\/index\/author\/hal\/"},"category_info":"<a href=\"https:\/\/opinionpublica.com.ar\/index\/category\/politica\/\" rel=\"category tag\">Politica<\/a> <a href=\"https:\/\/opinionpublica.com.ar\/index\/category\/tierra-del-fuego\/\" rel=\"category tag\">Tierra del Fuego<\/a>","tag_info":"Tierra del Fuego","comment_count":"0","_links":{"self":[{"href":"https:\/\/opinionpublica.com.ar\/index\/wp-json\/wp\/v2\/posts\/12506","targetHints":{"allow":["GET"]}}],"collection":[{"href":"https:\/\/opinionpublica.com.ar\/index\/wp-json\/wp\/v2\/posts"}],"about":[{"href":"https:\/\/opinionpublica.com.ar\/index\/wp-json\/wp\/v2\/types\/post"}],"author":[{"embeddable":true,"href":"https:\/\/opinionpublica.com.ar\/index\/wp-json\/wp\/v2\/users\/5"}],"replies":[{"embeddable":true,"href":"https:\/\/opinionpublica.com.ar\/index\/wp-json\/wp\/v2\/comments?post=12506"}],"version-history":[{"count":1,"href":"https:\/\/opinionpublica.com.ar\/index\/wp-json\/wp\/v2\/posts\/12506\/revisions"}],"predecessor-version":[{"id":12507,"href":"https:\/\/opinionpublica.com.ar\/index\/wp-json\/wp\/v2\/posts\/12506\/revisions\/12507"}],"wp:attachment":[{"href":"https:\/\/opinionpublica.com.ar\/index\/wp-json\/wp\/v2\/media?parent=12506"}],"wp:term":[{"taxonomy":"category","embeddable":true,"href":"https:\/\/opinionpublica.com.ar\/index\/wp-json\/wp\/v2\/categories?post=12506"},{"taxonomy":"post_tag","embeddable":true,"href":"https:\/\/opinionpublica.com.ar\/index\/wp-json\/wp\/v2\/tags?post=12506"}],"curies":[{"name":"wp","href":"https:\/\/api.w.org\/{rel}","templated":true}]}}