{"id":1253,"date":"2024-03-29T10:57:35","date_gmt":"2024-03-29T13:57:35","guid":{"rendered":"https:\/\/opinionpublica.com.ar\/index\/?p=1253"},"modified":"2024-03-29T10:57:35","modified_gmt":"2024-03-29T13:57:35","slug":"vigilia-por-malvinas-de-ushuaia-y-rio-grande-sera-transmitida-a-todo-el-pais-por-la-tv-publica-fueguina","status":"publish","type":"post","link":"https:\/\/opinionpublica.com.ar\/index\/vigilia-por-malvinas-de-ushuaia-y-rio-grande-sera-transmitida-a-todo-el-pais-por-la-tv-publica-fueguina\/","title":{"rendered":"Vigilia por Malvinas de Ushuaia y R\u00edo Grande sera transmitida a todo el pa\u00eds por la TV P\u00fablica Fueguina"},"content":{"rendered":"<p>La transmisi\u00f3n comenzar\u00e1 a las 20:30 del lunes 1 de abril. Se podr\u00e1 seguir a trav\u00e9s de la pantalla fueguina, en el canal de YouTube \u2018Tv P\u00fablica Fueguina\u2019 y en la aplicaci\u00f3n \u2018TV P\u00fablica Fueguina\u2019 disponible para todo el pa\u00eds, a la vez que se podr\u00e1 disfrutar desde la p\u00e1gina web.<\/p>\n<p>En el marco del 42\u00b0 aniversario de la Gesta de Malvinas, la Televisi\u00f3n P\u00fablica Fueguina realizar\u00e1 una producci\u00f3n especial para llevar la transmisi\u00f3n en vivo a lo largo y ancho del pa\u00eds, mostrando a todos los argentinos la Vigilia que a\u00f1o a a\u00f1o se realiza tanto en R\u00edo Grande como en Ushuaia y el acto oficial del 2 de abril desde la capital fueguina. \u00a0Todo estar\u00e1 acompa\u00f1ado adem\u00e1s de la transmisi\u00f3n que estar\u00e1 realizando la Radio P\u00fablica provincial.<\/p>\n<p><a href=\"https:\/\/opinionpublica.com.ar\/index\/wp-content\/uploads\/2024\/03\/malvinas.jpg_1718483346.jpg\"><img fetchpriority=\"high\" decoding=\"async\" class=\"alignnone  wp-image-647\" src=\"https:\/\/opinionpublica.com.ar\/index\/wp-content\/uploads\/2024\/03\/malvinas.jpg_1718483346-300x170.jpg\" alt=\"\" width=\"471\" height=\"267\" srcset=\"https:\/\/opinionpublica.com.ar\/index\/wp-content\/uploads\/2024\/03\/malvinas.jpg_1718483346-300x170.jpg 300w, https:\/\/opinionpublica.com.ar\/index\/wp-content\/uploads\/2024\/03\/malvinas.jpg_1718483346.jpg 600w\" sizes=\"(max-width: 471px) 100vw, 471px\" \/><\/a><\/p>\n<p>Sumado a la emisi\u00f3n convencional por la pantalla de la televisi\u00f3n fueguina, las instancias de la conmemoraci\u00f3n ser\u00e1n emitidas a trav\u00e9s de distintas plataformas digitales.<\/p>\n<p>La transmisi\u00f3n comenzar\u00e1 a las 20:30 del lunes 1 de abril. Se podr\u00e1 seguir a trav\u00e9s de la pantalla fueguina, en el canal de YouTube \u2018Tv P\u00fablica Fueguina\u2019 y en la aplicaci\u00f3n \u2018TV P\u00fablica Fueguina\u2019 disponible para todo el pa\u00eds, a la vez que se podr\u00e1 disfrutar desde la p\u00e1gina web:\u00a0<a href=\"https:\/\/tvpublica.tdf.ar\/\">https:\/\/tvpublica.tdf.ar<\/a><\/p>\n<p>A esto se sumar\u00e1 la transmisi\u00f3n que realizar\u00e1 la Radio P\u00fablica provincial en el 103.1 Mhz desde la ciudad de Ushuaia, con un programa en vivo desde las 21:00 y cobertura amplia en la ceremonia oficial del 2 de Abril.<\/p>\n<p>Las instancias de la conmemoraci\u00f3n en la provincia se distribuir\u00e1n a diversas provincias a trav\u00e9s de la Red Federal de Canales P\u00fablicos y la Red Patag\u00f3nica de Canales P\u00fablicos. Hasta el momento han confirmado ser parte de la transmisi\u00f3n las provincias que integran la Patagonia y otras como Jujuy, La Rioja, Catamarca y la ciudad de Rosario.<\/p>\n<p>Desde hace m\u00e1s de 29 a\u00f1os la se\u00f1al de televisi\u00f3n p\u00fablica local acompa\u00f1a al pueblo fueguino, en especial a veteranos y familiares en una jornada de reflexi\u00f3n y reconocimiento a los veteranos y ca\u00eddos en la Gesta de Malvinas.<\/p>\n<p>En esta oportunidad, se compartir\u00e1n las palabras de los y las protagonistas, el arribo de antorchas conmemorativas, el simulacro de la \u2018Operaci\u00f3n Rosario\u2019 y el homenaje a los veteranos en el acto central; tanto desde la Carpa de la Dignidad en R\u00edo Grande, ubicada junto al Monumento \u2018H\u00e9roes de Malvinas\u2019, como desde la Plaza Islas Malvinas en la Capital provincial.<\/p>\n<p>Como novedad, desde la se\u00f1al provincial precisaron que en el canal de YouTube de la Televisi\u00f3n P\u00fablica Fueguina se van a transmitir en simult\u00e1neo las dos vigilias en vivo. Habr\u00e1 a disposici\u00f3n un c\u00f3digo QR a trav\u00e9s del cual se podr\u00e1 elegir por celular seguir las instancias de los actos en R\u00edo Grande y Ushuaia.<\/p>\n","protected":false},"excerpt":{"rendered":"<p>La transmisi\u00f3n comenzar\u00e1 a las 20:30 del lunes 1 de abril. Se podr\u00e1 seguir a trav\u00e9s de la<\/p>\n","protected":false},"author":8,"featured_media":1254,"comment_status":"open","ping_status":"open","sticky":false,"template":"","format":"standard","meta":{"footnotes":""},"categories":[2],"tags":[45,5,314],"class_list":["post-1253","post","type-post","status-publish","format-standard","has-post-thumbnail","hentry","category-tierra-del-fuego","tag-malvinas","tag-tierra-del-fuego","tag-vigilia"],"featured_image_urls":{"full":["https:\/\/opinionpublica.com.ar\/index\/wp-content\/uploads\/2024\/03\/vigilia-malvinas.webp",1280,853,false],"thumbnail":["https:\/\/opinionpublica.com.ar\/index\/wp-content\/uploads\/2024\/03\/vigilia-malvinas-150x150.webp",150,150,true],"medium":["https:\/\/opinionpublica.com.ar\/index\/wp-content\/uploads\/2024\/03\/vigilia-malvinas-300x200.webp",300,200,true],"medium_large":["https:\/\/opinionpublica.com.ar\/index\/wp-content\/uploads\/2024\/03\/vigilia-malvinas-768x512.webp",640,427,true],"large":["https:\/\/opinionpublica.com.ar\/index\/wp-content\/uploads\/2024\/03\/vigilia-malvinas-1024x682.webp",640,426,true],"1536x1536":["https:\/\/opinionpublica.com.ar\/index\/wp-content\/uploads\/2024\/03\/vigilia-malvinas.webp",1280,853,false],"2048x2048":["https:\/\/opinionpublica.com.ar\/index\/wp-content\/uploads\/2024\/03\/vigilia-malvinas.webp",1280,853,false],"morenews-large":["https:\/\/opinionpublica.com.ar\/index\/wp-content\/uploads\/2024\/03\/vigilia-malvinas-825x575.webp",825,575,true],"morenews-medium":["https:\/\/opinionpublica.com.ar\/index\/wp-content\/uploads\/2024\/03\/vigilia-malvinas-590x410.webp",590,410,true]},"author_info":{"display_name":"RKing","author_link":"https:\/\/opinionpublica.com.ar\/index\/author\/rking\/"},"category_info":"<a href=\"https:\/\/opinionpublica.com.ar\/index\/category\/tierra-del-fuego\/\" rel=\"category tag\">Tierra del Fuego<\/a>","tag_info":"Tierra del Fuego","comment_count":"0","_links":{"self":[{"href":"https:\/\/opinionpublica.com.ar\/index\/wp-json\/wp\/v2\/posts\/1253","targetHints":{"allow":["GET"]}}],"collection":[{"href":"https:\/\/opinionpublica.com.ar\/index\/wp-json\/wp\/v2\/posts"}],"about":[{"href":"https:\/\/opinionpublica.com.ar\/index\/wp-json\/wp\/v2\/types\/post"}],"author":[{"embeddable":true,"href":"https:\/\/opinionpublica.com.ar\/index\/wp-json\/wp\/v2\/users\/8"}],"replies":[{"embeddable":true,"href":"https:\/\/opinionpublica.com.ar\/index\/wp-json\/wp\/v2\/comments?post=1253"}],"version-history":[{"count":1,"href":"https:\/\/opinionpublica.com.ar\/index\/wp-json\/wp\/v2\/posts\/1253\/revisions"}],"predecessor-version":[{"id":1255,"href":"https:\/\/opinionpublica.com.ar\/index\/wp-json\/wp\/v2\/posts\/1253\/revisions\/1255"}],"wp:featuredmedia":[{"embeddable":true,"href":"https:\/\/opinionpublica.com.ar\/index\/wp-json\/wp\/v2\/media\/1254"}],"wp:attachment":[{"href":"https:\/\/opinionpublica.com.ar\/index\/wp-json\/wp\/v2\/media?parent=1253"}],"wp:term":[{"taxonomy":"category","embeddable":true,"href":"https:\/\/opinionpublica.com.ar\/index\/wp-json\/wp\/v2\/categories?post=1253"},{"taxonomy":"post_tag","embeddable":true,"href":"https:\/\/opinionpublica.com.ar\/index\/wp-json\/wp\/v2\/tags?post=1253"}],"curies":[{"name":"wp","href":"https:\/\/api.w.org\/{rel}","templated":true}]}}