{"id":12541,"date":"2026-03-09T10:50:05","date_gmt":"2026-03-09T13:50:05","guid":{"rendered":"https:\/\/opinionpublica.com.ar\/index\/?p=12541"},"modified":"2026-03-09T10:50:05","modified_gmt":"2026-03-09T13:50:05","slug":"panorama-nacional-quiebra-de-garbarino-y-el-fin-de-una-era-industrial","status":"publish","type":"post","link":"https:\/\/opinionpublica.com.ar\/index\/panorama-nacional-quiebra-de-garbarino-y-el-fin-de-una-era-industrial\/","title":{"rendered":"Panorama Nacional: Quiebra de Garbarino y el fin de una era industrial"},"content":{"rendered":"<h3>Panorama Nacional: Quiebra de Garbarino y el fin de una era industrial<\/h3>\n<p><a href=\"https:\/\/opinionpublica.com.ar\/index\/wp-content\/uploads\/2026\/03\/33ad1f6bdb845412a0d51ce23de89aad_BIG.jpg\"><img fetchpriority=\"high\" decoding=\"async\" class=\"alignnone size-full wp-image-12569\" src=\"https:\/\/opinionpublica.com.ar\/index\/wp-content\/uploads\/2026\/03\/33ad1f6bdb845412a0d51ce23de89aad_BIG.jpg\" alt=\"\" width=\"1200\" height=\"800\" srcset=\"https:\/\/opinionpublica.com.ar\/index\/wp-content\/uploads\/2026\/03\/33ad1f6bdb845412a0d51ce23de89aad_BIG.jpg 1200w, https:\/\/opinionpublica.com.ar\/index\/wp-content\/uploads\/2026\/03\/33ad1f6bdb845412a0d51ce23de89aad_BIG-300x200.jpg 300w, https:\/\/opinionpublica.com.ar\/index\/wp-content\/uploads\/2026\/03\/33ad1f6bdb845412a0d51ce23de89aad_BIG-1024x683.jpg 1024w, https:\/\/opinionpublica.com.ar\/index\/wp-content\/uploads\/2026\/03\/33ad1f6bdb845412a0d51ce23de89aad_BIG-768x512.jpg 768w\" sizes=\"(max-width: 1200px) 100vw, 1200px\" \/><\/a><br \/>\nA nivel nacional, la Justicia decret\u00f3 la quiebra definitiva de Garbarino, un golpe letal que resuena con fuerza en Tierra del Fuego. La liquidaci\u00f3n de todos sus activos marca el fracaso de una pol\u00edtica industrial nacional que no supo adaptarse y de una provincia que at\u00f3 su destino a empresas que hoy cierran sus puertas. El efecto domin\u00f3 en el consumo y la producci\u00f3n deja a la isla en una situaci\u00f3n de vulnerabilidad extrema, reflejando el fin de un modelo que ya no da para m\u00e1s.<\/p>\n","protected":false},"excerpt":{"rendered":"<p>Panorama Nacional: Quiebra de Garbarino y el fin de una era industrial A nivel nacional, la Justicia decret\u00f3<\/p>\n","protected":false},"author":5,"featured_media":12569,"comment_status":"open","ping_status":"open","sticky":false,"template":"","format":"standard","meta":{"footnotes":""},"categories":[3],"tags":[1017,1205],"class_list":["post-12541","post","type-post","status-publish","format-standard","has-post-thumbnail","hentry","category-nacionales","tag-garbarino","tag-quiebra"],"featured_image_urls":{"full":["https:\/\/opinionpublica.com.ar\/index\/wp-content\/uploads\/2026\/03\/33ad1f6bdb845412a0d51ce23de89aad_BIG.jpg",1200,800,false],"thumbnail":["https:\/\/opinionpublica.com.ar\/index\/wp-content\/uploads\/2026\/03\/33ad1f6bdb845412a0d51ce23de89aad_BIG-150x150.jpg",150,150,true],"medium":["https:\/\/opinionpublica.com.ar\/index\/wp-content\/uploads\/2026\/03\/33ad1f6bdb845412a0d51ce23de89aad_BIG-300x200.jpg",300,200,true],"medium_large":["https:\/\/opinionpublica.com.ar\/index\/wp-content\/uploads\/2026\/03\/33ad1f6bdb845412a0d51ce23de89aad_BIG-768x512.jpg",640,427,true],"large":["https:\/\/opinionpublica.com.ar\/index\/wp-content\/uploads\/2026\/03\/33ad1f6bdb845412a0d51ce23de89aad_BIG-1024x683.jpg",640,427,true],"1536x1536":["https:\/\/opinionpublica.com.ar\/index\/wp-content\/uploads\/2026\/03\/33ad1f6bdb845412a0d51ce23de89aad_BIG.jpg",1200,800,false],"2048x2048":["https:\/\/opinionpublica.com.ar\/index\/wp-content\/uploads\/2026\/03\/33ad1f6bdb845412a0d51ce23de89aad_BIG.jpg",1200,800,false],"morenews-large":["https:\/\/opinionpublica.com.ar\/index\/wp-content\/uploads\/2026\/03\/33ad1f6bdb845412a0d51ce23de89aad_BIG-825x575.jpg",825,575,true],"morenews-medium":["https:\/\/opinionpublica.com.ar\/index\/wp-content\/uploads\/2026\/03\/33ad1f6bdb845412a0d51ce23de89aad_BIG-590x410.jpg",590,410,true]},"author_info":{"display_name":"Hal","author_link":"https:\/\/opinionpublica.com.ar\/index\/author\/hal\/"},"category_info":"<a href=\"https:\/\/opinionpublica.com.ar\/index\/category\/nacionales\/\" rel=\"category tag\">Nacionales<\/a>","tag_info":"Nacionales","comment_count":"0","_links":{"self":[{"href":"https:\/\/opinionpublica.com.ar\/index\/wp-json\/wp\/v2\/posts\/12541","targetHints":{"allow":["GET"]}}],"collection":[{"href":"https:\/\/opinionpublica.com.ar\/index\/wp-json\/wp\/v2\/posts"}],"about":[{"href":"https:\/\/opinionpublica.com.ar\/index\/wp-json\/wp\/v2\/types\/post"}],"author":[{"embeddable":true,"href":"https:\/\/opinionpublica.com.ar\/index\/wp-json\/wp\/v2\/users\/5"}],"replies":[{"embeddable":true,"href":"https:\/\/opinionpublica.com.ar\/index\/wp-json\/wp\/v2\/comments?post=12541"}],"version-history":[{"count":10,"href":"https:\/\/opinionpublica.com.ar\/index\/wp-json\/wp\/v2\/posts\/12541\/revisions"}],"predecessor-version":[{"id":12570,"href":"https:\/\/opinionpublica.com.ar\/index\/wp-json\/wp\/v2\/posts\/12541\/revisions\/12570"}],"wp:featuredmedia":[{"embeddable":true,"href":"https:\/\/opinionpublica.com.ar\/index\/wp-json\/wp\/v2\/media\/12569"}],"wp:attachment":[{"href":"https:\/\/opinionpublica.com.ar\/index\/wp-json\/wp\/v2\/media?parent=12541"}],"wp:term":[{"taxonomy":"category","embeddable":true,"href":"https:\/\/opinionpublica.com.ar\/index\/wp-json\/wp\/v2\/categories?post=12541"},{"taxonomy":"post_tag","embeddable":true,"href":"https:\/\/opinionpublica.com.ar\/index\/wp-json\/wp\/v2\/tags?post=12541"}],"curies":[{"name":"wp","href":"https:\/\/api.w.org\/{rel}","templated":true}]}}