{"id":12558,"date":"2026-03-09T10:15:33","date_gmt":"2026-03-09T13:15:33","guid":{"rendered":"https:\/\/opinionpublica.com.ar\/index\/?p=12558"},"modified":"2026-03-09T10:15:33","modified_gmt":"2026-03-09T13:15:33","slug":"crisis-en-la-salud-osef-sin-prestaciones-y-turnos-suspendidos","status":"publish","type":"post","link":"https:\/\/opinionpublica.com.ar\/index\/crisis-en-la-salud-osef-sin-prestaciones-y-turnos-suspendidos\/","title":{"rendered":"Crisis en la salud: OSEF sin prestaciones y turnos suspendidos"},"content":{"rendered":"<h3>Crisis en la salud: OSEF sin prestaciones y turnos suspendidos<\/h3>\n<p><a href=\"https:\/\/opinionpublica.com.ar\/index\/wp-content\/uploads\/2024\/03\/OSEF-RG-2-1200x480-1.jpg\"><img fetchpriority=\"high\" decoding=\"async\" class=\"alignnone size-full wp-image-985\" src=\"https:\/\/opinionpublica.com.ar\/index\/wp-content\/uploads\/2024\/03\/OSEF-RG-2-1200x480-1.jpg\" alt=\"\" width=\"1200\" height=\"480\" srcset=\"https:\/\/opinionpublica.com.ar\/index\/wp-content\/uploads\/2024\/03\/OSEF-RG-2-1200x480-1.jpg 1200w, https:\/\/opinionpublica.com.ar\/index\/wp-content\/uploads\/2024\/03\/OSEF-RG-2-1200x480-1-300x120.jpg 300w, https:\/\/opinionpublica.com.ar\/index\/wp-content\/uploads\/2024\/03\/OSEF-RG-2-1200x480-1-1024x410.jpg 1024w, https:\/\/opinionpublica.com.ar\/index\/wp-content\/uploads\/2024\/03\/OSEF-RG-2-1200x480-1-768x307.jpg 768w\" sizes=\"(max-width: 1200px) 100vw, 1200px\" \/><\/a><\/p>\n<p>La obra social de los estatales, OSEF, sigue siendo el gran agujero negro de la provincia. La Cl\u00ednica San Jorge anunci\u00f3 la suspensi\u00f3n de turnos para los afiliados debido a la falta de pago por parte del Estado. Miles de fueguinos se quedan sin atenci\u00f3n m\u00e9dica b\u00e1sica mientras sus aportes desaparecen en la burocracia oficialista. La salud p\u00fablica y privada en la isla est\u00e1 en terapia intensiva por la falta de gesti\u00f3n y el desv\u00edo de fondos que deber\u00edan estar en prestaciones y no en pol\u00edtica.<\/p>\n<p>&nbsp;<\/p>\n","protected":false},"excerpt":{"rendered":"<p>Crisis en la salud: OSEF sin prestaciones y turnos suspendidos La obra social de los estatales, OSEF, sigue<\/p>\n","protected":false},"author":5,"featured_media":985,"comment_status":"open","ping_status":"open","sticky":false,"template":"","format":"standard","meta":{"footnotes":""},"categories":[21],"tags":[3312,3139,4156],"class_list":["post-12558","post","type-post","status-publish","format-standard","has-post-thumbnail","hentry","category-ushuaia","tag-clinica-san-jorge","tag-crisis-osef","tag-sin-prestaciones"],"featured_image_urls":{"full":["https:\/\/opinionpublica.com.ar\/index\/wp-content\/uploads\/2024\/03\/OSEF-RG-2-1200x480-1.jpg",1200,480,false],"thumbnail":["https:\/\/opinionpublica.com.ar\/index\/wp-content\/uploads\/2024\/03\/OSEF-RG-2-1200x480-1-150x150.jpg",150,150,true],"medium":["https:\/\/opinionpublica.com.ar\/index\/wp-content\/uploads\/2024\/03\/OSEF-RG-2-1200x480-1-300x120.jpg",300,120,true],"medium_large":["https:\/\/opinionpublica.com.ar\/index\/wp-content\/uploads\/2024\/03\/OSEF-RG-2-1200x480-1-768x307.jpg",640,256,true],"large":["https:\/\/opinionpublica.com.ar\/index\/wp-content\/uploads\/2024\/03\/OSEF-RG-2-1200x480-1-1024x410.jpg",640,256,true],"1536x1536":["https:\/\/opinionpublica.com.ar\/index\/wp-content\/uploads\/2024\/03\/OSEF-RG-2-1200x480-1.jpg",1200,480,false],"2048x2048":["https:\/\/opinionpublica.com.ar\/index\/wp-content\/uploads\/2024\/03\/OSEF-RG-2-1200x480-1.jpg",1200,480,false],"morenews-large":["https:\/\/opinionpublica.com.ar\/index\/wp-content\/uploads\/2024\/03\/OSEF-RG-2-1200x480-1-825x480.jpg",825,480,true],"morenews-medium":["https:\/\/opinionpublica.com.ar\/index\/wp-content\/uploads\/2024\/03\/OSEF-RG-2-1200x480-1-590x410.jpg",590,410,true]},"author_info":{"display_name":"Hal","author_link":"https:\/\/opinionpublica.com.ar\/index\/author\/hal\/"},"category_info":"<a href=\"https:\/\/opinionpublica.com.ar\/index\/category\/ushuaia\/\" rel=\"category tag\">Ushuaia<\/a>","tag_info":"Ushuaia","comment_count":"0","_links":{"self":[{"href":"https:\/\/opinionpublica.com.ar\/index\/wp-json\/wp\/v2\/posts\/12558","targetHints":{"allow":["GET"]}}],"collection":[{"href":"https:\/\/opinionpublica.com.ar\/index\/wp-json\/wp\/v2\/posts"}],"about":[{"href":"https:\/\/opinionpublica.com.ar\/index\/wp-json\/wp\/v2\/types\/post"}],"author":[{"embeddable":true,"href":"https:\/\/opinionpublica.com.ar\/index\/wp-json\/wp\/v2\/users\/5"}],"replies":[{"embeddable":true,"href":"https:\/\/opinionpublica.com.ar\/index\/wp-json\/wp\/v2\/comments?post=12558"}],"version-history":[{"count":1,"href":"https:\/\/opinionpublica.com.ar\/index\/wp-json\/wp\/v2\/posts\/12558\/revisions"}],"predecessor-version":[{"id":12559,"href":"https:\/\/opinionpublica.com.ar\/index\/wp-json\/wp\/v2\/posts\/12558\/revisions\/12559"}],"wp:featuredmedia":[{"embeddable":true,"href":"https:\/\/opinionpublica.com.ar\/index\/wp-json\/wp\/v2\/media\/985"}],"wp:attachment":[{"href":"https:\/\/opinionpublica.com.ar\/index\/wp-json\/wp\/v2\/media?parent=12558"}],"wp:term":[{"taxonomy":"category","embeddable":true,"href":"https:\/\/opinionpublica.com.ar\/index\/wp-json\/wp\/v2\/categories?post=12558"},{"taxonomy":"post_tag","embeddable":true,"href":"https:\/\/opinionpublica.com.ar\/index\/wp-json\/wp\/v2\/tags?post=12558"}],"curies":[{"name":"wp","href":"https:\/\/api.w.org\/{rel}","templated":true}]}}