{"id":12561,"date":"2026-03-09T10:28:46","date_gmt":"2026-03-09T13:28:46","guid":{"rendered":"https:\/\/opinionpublica.com.ar\/index\/?p=12561"},"modified":"2026-03-09T10:28:46","modified_gmt":"2026-03-09T13:28:46","slug":"canasta-basica-por-las-nubes-vivir-en-la-isla-cuesta-casi-un-millon-de-pesos","status":"publish","type":"post","link":"https:\/\/opinionpublica.com.ar\/index\/canasta-basica-por-las-nubes-vivir-en-la-isla-cuesta-casi-un-millon-de-pesos\/","title":{"rendered":"Canasta b\u00e1sica por las nubes: vivir en la isla cuesta casi un mill\u00f3n de pesos"},"content":{"rendered":"<h3>Canasta b\u00e1sica por las nubes: vivir en la isla cuesta casi un mill\u00f3n de pesos<\/h3>\n<p><a href=\"https:\/\/opinionpublica.com.ar\/index\/wp-content\/uploads\/2024\/05\/canasta-basica.jpg\"><img fetchpriority=\"high\" decoding=\"async\" class=\"alignnone size-full wp-image-3124\" src=\"https:\/\/opinionpublica.com.ar\/index\/wp-content\/uploads\/2024\/05\/canasta-basica.jpg\" alt=\"\" width=\"1100\" height=\"732\" srcset=\"https:\/\/opinionpublica.com.ar\/index\/wp-content\/uploads\/2024\/05\/canasta-basica.jpg 1100w, https:\/\/opinionpublica.com.ar\/index\/wp-content\/uploads\/2024\/05\/canasta-basica-300x200.jpg 300w, https:\/\/opinionpublica.com.ar\/index\/wp-content\/uploads\/2024\/05\/canasta-basica-1024x681.jpg 1024w, https:\/\/opinionpublica.com.ar\/index\/wp-content\/uploads\/2024\/05\/canasta-basica-768x511.jpg 768w\" sizes=\"(max-width: 1100px) 100vw, 1100px\" \/><\/a><\/p>\n<p>Llenar el changuito en Tierra del Fuego se volvi\u00f3 un lujo para pocos. En febrero, una familia tipo necesit\u00f3 $918.569 para cubrir la canasta b\u00e1sica. Con sueldos que apenas suben por escalera mientras los precios van por ascensor, la clase media y los sectores m\u00e1s vulnerables est\u00e1n siendo empujados a la pobreza. Frente a esto, ni el Gobierno provincial ni las intendencias han lanzado planes de alivio real, limit\u00e1ndose a observar c\u00f3mo el bolsillo del vecino se vac\u00eda mes a mes.<\/p>\n","protected":false},"excerpt":{"rendered":"<p>Canasta b\u00e1sica por las nubes: vivir en la isla cuesta casi un mill\u00f3n de pesos Llenar el changuito<\/p>\n","protected":false},"author":5,"featured_media":3124,"comment_status":"open","ping_status":"open","sticky":false,"template":"","format":"standard","meta":{"footnotes":""},"categories":[2],"tags":[125,1338],"class_list":["post-12561","post","type-post","status-publish","format-standard","has-post-thumbnail","hentry","category-tierra-del-fuego","tag-canasta-basica","tag-inflacion-y-precios"],"featured_image_urls":{"full":["https:\/\/opinionpublica.com.ar\/index\/wp-content\/uploads\/2024\/05\/canasta-basica.jpg",1100,732,false],"thumbnail":["https:\/\/opinionpublica.com.ar\/index\/wp-content\/uploads\/2024\/05\/canasta-basica-150x150.jpg",150,150,true],"medium":["https:\/\/opinionpublica.com.ar\/index\/wp-content\/uploads\/2024\/05\/canasta-basica-300x200.jpg",300,200,true],"medium_large":["https:\/\/opinionpublica.com.ar\/index\/wp-content\/uploads\/2024\/05\/canasta-basica-768x511.jpg",640,426,true],"large":["https:\/\/opinionpublica.com.ar\/index\/wp-content\/uploads\/2024\/05\/canasta-basica-1024x681.jpg",640,426,true],"1536x1536":["https:\/\/opinionpublica.com.ar\/index\/wp-content\/uploads\/2024\/05\/canasta-basica.jpg",1100,732,false],"2048x2048":["https:\/\/opinionpublica.com.ar\/index\/wp-content\/uploads\/2024\/05\/canasta-basica.jpg",1100,732,false],"morenews-large":["https:\/\/opinionpublica.com.ar\/index\/wp-content\/uploads\/2024\/05\/canasta-basica-825x575.jpg",825,575,true],"morenews-medium":["https:\/\/opinionpublica.com.ar\/index\/wp-content\/uploads\/2024\/05\/canasta-basica-590x410.jpg",590,410,true]},"author_info":{"display_name":"Hal","author_link":"https:\/\/opinionpublica.com.ar\/index\/author\/hal\/"},"category_info":"<a href=\"https:\/\/opinionpublica.com.ar\/index\/category\/tierra-del-fuego\/\" rel=\"category tag\">Tierra del Fuego<\/a>","tag_info":"Tierra del Fuego","comment_count":"0","_links":{"self":[{"href":"https:\/\/opinionpublica.com.ar\/index\/wp-json\/wp\/v2\/posts\/12561","targetHints":{"allow":["GET"]}}],"collection":[{"href":"https:\/\/opinionpublica.com.ar\/index\/wp-json\/wp\/v2\/posts"}],"about":[{"href":"https:\/\/opinionpublica.com.ar\/index\/wp-json\/wp\/v2\/types\/post"}],"author":[{"embeddable":true,"href":"https:\/\/opinionpublica.com.ar\/index\/wp-json\/wp\/v2\/users\/5"}],"replies":[{"embeddable":true,"href":"https:\/\/opinionpublica.com.ar\/index\/wp-json\/wp\/v2\/comments?post=12561"}],"version-history":[{"count":1,"href":"https:\/\/opinionpublica.com.ar\/index\/wp-json\/wp\/v2\/posts\/12561\/revisions"}],"predecessor-version":[{"id":12562,"href":"https:\/\/opinionpublica.com.ar\/index\/wp-json\/wp\/v2\/posts\/12561\/revisions\/12562"}],"wp:featuredmedia":[{"embeddable":true,"href":"https:\/\/opinionpublica.com.ar\/index\/wp-json\/wp\/v2\/media\/3124"}],"wp:attachment":[{"href":"https:\/\/opinionpublica.com.ar\/index\/wp-json\/wp\/v2\/media?parent=12561"}],"wp:term":[{"taxonomy":"category","embeddable":true,"href":"https:\/\/opinionpublica.com.ar\/index\/wp-json\/wp\/v2\/categories?post=12561"},{"taxonomy":"post_tag","embeddable":true,"href":"https:\/\/opinionpublica.com.ar\/index\/wp-json\/wp\/v2\/tags?post=12561"}],"curies":[{"name":"wp","href":"https:\/\/api.w.org\/{rel}","templated":true}]}}