{"id":12564,"date":"2026-03-09T10:36:34","date_gmt":"2026-03-09T13:36:34","guid":{"rendered":"https:\/\/opinionpublica.com.ar\/index\/?p=12564"},"modified":"2026-03-09T10:36:34","modified_gmt":"2026-03-09T13:36:34","slug":"ushuaia-mas-burocracia-y-cargos-politicos-en-plena-crisis","status":"publish","type":"post","link":"https:\/\/opinionpublica.com.ar\/index\/ushuaia-mas-burocracia-y-cargos-politicos-en-plena-crisis\/","title":{"rendered":"Ushuaia: M\u00e1s burocracia y cargos pol\u00edticos en plena crisis"},"content":{"rendered":"<h3>Ushuaia: M\u00e1s burocracia y cargos pol\u00edticos en plena crisis<\/h3>\n<p><a href=\"https:\/\/opinionpublica.com.ar\/index\/wp-content\/uploads\/2024\/11\/f1280x720-119251_250926_5050-municipalidad-ushuaia.jpg\"><img fetchpriority=\"high\" decoding=\"async\" class=\"alignnone size-full wp-image-7537\" src=\"https:\/\/opinionpublica.com.ar\/index\/wp-content\/uploads\/2024\/11\/f1280x720-119251_250926_5050-municipalidad-ushuaia.jpg\" alt=\"\" width=\"1280\" height=\"720\" srcset=\"https:\/\/opinionpublica.com.ar\/index\/wp-content\/uploads\/2024\/11\/f1280x720-119251_250926_5050-municipalidad-ushuaia.jpg 1280w, https:\/\/opinionpublica.com.ar\/index\/wp-content\/uploads\/2024\/11\/f1280x720-119251_250926_5050-municipalidad-ushuaia-300x169.jpg 300w, https:\/\/opinionpublica.com.ar\/index\/wp-content\/uploads\/2024\/11\/f1280x720-119251_250926_5050-municipalidad-ushuaia-1024x576.jpg 1024w, https:\/\/opinionpublica.com.ar\/index\/wp-content\/uploads\/2024\/11\/f1280x720-119251_250926_5050-municipalidad-ushuaia-768x432.jpg 768w\" sizes=\"(max-width: 1280px) 100vw, 1280px\" \/><\/a><\/p>\n<p>Mientras la ciudad sufre baches, falta de vivienda y servicios deficientes, el intendente Walter Vuoto decidi\u00f3 unificar \u00e1reas para crear una nueva \u00abMega-Secretar\u00eda\u00bb. Esta maniobra es vista como una forma de seguir engrosando la planta pol\u00edtica y acomodar militantes, alej\u00e1ndose totalmente de las necesidades urgentes del vecino. En lugar de ajustar el gasto p\u00fablico, el municipio de Ushuaia sigue apostando a la creaci\u00f3n de cargos que solo sirven para sostener la estructura partidaria con el dinero de los impuestos.<\/p>\n<p>&nbsp;<\/p>\n","protected":false},"excerpt":{"rendered":"<p>Ushuaia: M\u00e1s burocracia y cargos pol\u00edticos en plena crisis Mientras la ciudad sufre baches, falta de vivienda y<\/p>\n","protected":false},"author":5,"featured_media":7537,"comment_status":"open","ping_status":"open","sticky":false,"template":"","format":"standard","meta":{"footnotes":""},"categories":[21],"tags":[4157,538],"class_list":["post-12564","post","type-post","status-publish","format-standard","has-post-thumbnail","hentry","category-ushuaia","tag-cargos-politicos","tag-walter-vuoto"],"featured_image_urls":{"full":["https:\/\/opinionpublica.com.ar\/index\/wp-content\/uploads\/2024\/11\/f1280x720-119251_250926_5050-municipalidad-ushuaia.jpg",1280,720,false],"thumbnail":["https:\/\/opinionpublica.com.ar\/index\/wp-content\/uploads\/2024\/11\/f1280x720-119251_250926_5050-municipalidad-ushuaia-150x150.jpg",150,150,true],"medium":["https:\/\/opinionpublica.com.ar\/index\/wp-content\/uploads\/2024\/11\/f1280x720-119251_250926_5050-municipalidad-ushuaia-300x169.jpg",300,169,true],"medium_large":["https:\/\/opinionpublica.com.ar\/index\/wp-content\/uploads\/2024\/11\/f1280x720-119251_250926_5050-municipalidad-ushuaia-768x432.jpg",640,360,true],"large":["https:\/\/opinionpublica.com.ar\/index\/wp-content\/uploads\/2024\/11\/f1280x720-119251_250926_5050-municipalidad-ushuaia-1024x576.jpg",640,360,true],"1536x1536":["https:\/\/opinionpublica.com.ar\/index\/wp-content\/uploads\/2024\/11\/f1280x720-119251_250926_5050-municipalidad-ushuaia.jpg",1280,720,false],"2048x2048":["https:\/\/opinionpublica.com.ar\/index\/wp-content\/uploads\/2024\/11\/f1280x720-119251_250926_5050-municipalidad-ushuaia.jpg",1280,720,false],"morenews-large":["https:\/\/opinionpublica.com.ar\/index\/wp-content\/uploads\/2024\/11\/f1280x720-119251_250926_5050-municipalidad-ushuaia-825x575.jpg",825,575,true],"morenews-medium":["https:\/\/opinionpublica.com.ar\/index\/wp-content\/uploads\/2024\/11\/f1280x720-119251_250926_5050-municipalidad-ushuaia-590x410.jpg",590,410,true]},"author_info":{"display_name":"Hal","author_link":"https:\/\/opinionpublica.com.ar\/index\/author\/hal\/"},"category_info":"<a href=\"https:\/\/opinionpublica.com.ar\/index\/category\/ushuaia\/\" rel=\"category tag\">Ushuaia<\/a>","tag_info":"Ushuaia","comment_count":"0","_links":{"self":[{"href":"https:\/\/opinionpublica.com.ar\/index\/wp-json\/wp\/v2\/posts\/12564","targetHints":{"allow":["GET"]}}],"collection":[{"href":"https:\/\/opinionpublica.com.ar\/index\/wp-json\/wp\/v2\/posts"}],"about":[{"href":"https:\/\/opinionpublica.com.ar\/index\/wp-json\/wp\/v2\/types\/post"}],"author":[{"embeddable":true,"href":"https:\/\/opinionpublica.com.ar\/index\/wp-json\/wp\/v2\/users\/5"}],"replies":[{"embeddable":true,"href":"https:\/\/opinionpublica.com.ar\/index\/wp-json\/wp\/v2\/comments?post=12564"}],"version-history":[{"count":1,"href":"https:\/\/opinionpublica.com.ar\/index\/wp-json\/wp\/v2\/posts\/12564\/revisions"}],"predecessor-version":[{"id":12565,"href":"https:\/\/opinionpublica.com.ar\/index\/wp-json\/wp\/v2\/posts\/12564\/revisions\/12565"}],"wp:featuredmedia":[{"embeddable":true,"href":"https:\/\/opinionpublica.com.ar\/index\/wp-json\/wp\/v2\/media\/7537"}],"wp:attachment":[{"href":"https:\/\/opinionpublica.com.ar\/index\/wp-json\/wp\/v2\/media?parent=12564"}],"wp:term":[{"taxonomy":"category","embeddable":true,"href":"https:\/\/opinionpublica.com.ar\/index\/wp-json\/wp\/v2\/categories?post=12564"},{"taxonomy":"post_tag","embeddable":true,"href":"https:\/\/opinionpublica.com.ar\/index\/wp-json\/wp\/v2\/tags?post=12564"}],"curies":[{"name":"wp","href":"https:\/\/api.w.org\/{rel}","templated":true}]}}