{"id":12574,"date":"2026-03-10T10:35:19","date_gmt":"2026-03-10T13:35:19","guid":{"rendered":"https:\/\/opinionpublica.com.ar\/index\/?p=12574"},"modified":"2026-03-10T10:35:19","modified_gmt":"2026-03-10T13:35:19","slug":"ushuaia-en-ruinas-la-gestion-de-vuoto-prioriza-el-marketing-sobre-los-barrios","status":"publish","type":"post","link":"https:\/\/opinionpublica.com.ar\/index\/ushuaia-en-ruinas-la-gestion-de-vuoto-prioriza-el-marketing-sobre-los-barrios\/","title":{"rendered":"Ushuaia en ruinas: La gesti\u00f3n de Vuoto prioriza el \u00abmarketing\u00bb sobre los barrios"},"content":{"rendered":"<h3>Ushuaia en ruinas: La gesti\u00f3n de Vuoto prioriza el \u00abmarketing\u00bb sobre los barrios<\/h3>\n<p><a href=\"https:\/\/opinionpublica.com.ar\/index\/wp-content\/uploads\/2026\/03\/images.jpeg\"><img fetchpriority=\"high\" decoding=\"async\" class=\"alignnone size-full wp-image-12601\" src=\"https:\/\/opinionpublica.com.ar\/index\/wp-content\/uploads\/2026\/03\/images.jpeg\" alt=\"\" width=\"547\" height=\"365\" srcset=\"https:\/\/opinionpublica.com.ar\/index\/wp-content\/uploads\/2026\/03\/images.jpeg 547w, https:\/\/opinionpublica.com.ar\/index\/wp-content\/uploads\/2026\/03\/images-300x200.jpeg 300w\" sizes=\"(max-width: 547px) 100vw, 547px\" \/><\/a><\/p>\n<p>Mientras el intendente Walter Vuoto se dedica a reciclar figuras pol\u00edticas en su gabinete, como el reciente caso de Y\u00e9sica Garay, los barrios de Ushuaia presentan condiciones deplorables. Vecinos y concejales de la oposici\u00f3n denuncian una falta total de planificaci\u00f3n urbana. Las calles est\u00e1n detonadas, la mugre se acumula en los bulevares y los servicios b\u00e1sicos son un lujo para pocos. Para Vuoto, gobernar parece ser sin\u00f3nimo de pauta publicitaria, mientras la ciudad real se cae a pedazos por la falta de inversi\u00f3n estructural.<\/p>\n<p>&nbsp;<\/p>\n","protected":false},"excerpt":{"rendered":"<p>Ushuaia en ruinas: La gesti\u00f3n de Vuoto prioriza el \u00abmarketing\u00bb sobre los barrios Mientras el intendente Walter Vuoto<\/p>\n","protected":false},"author":5,"featured_media":12601,"comment_status":"open","ping_status":"open","sticky":false,"template":"","format":"standard","meta":{"footnotes":""},"categories":[21],"tags":[1033,3332,538],"class_list":["post-12574","post","type-post","status-publish","format-standard","has-post-thumbnail","hentry","category-ushuaia","tag-barrios","tag-urbanizacion","tag-walter-vuoto"],"featured_image_urls":{"full":["https:\/\/opinionpublica.com.ar\/index\/wp-content\/uploads\/2026\/03\/images.jpeg",547,365,false],"thumbnail":["https:\/\/opinionpublica.com.ar\/index\/wp-content\/uploads\/2026\/03\/images-150x150.jpeg",150,150,true],"medium":["https:\/\/opinionpublica.com.ar\/index\/wp-content\/uploads\/2026\/03\/images-300x200.jpeg",300,200,true],"medium_large":["https:\/\/opinionpublica.com.ar\/index\/wp-content\/uploads\/2026\/03\/images.jpeg",547,365,false],"large":["https:\/\/opinionpublica.com.ar\/index\/wp-content\/uploads\/2026\/03\/images.jpeg",547,365,false],"1536x1536":["https:\/\/opinionpublica.com.ar\/index\/wp-content\/uploads\/2026\/03\/images.jpeg",547,365,false],"2048x2048":["https:\/\/opinionpublica.com.ar\/index\/wp-content\/uploads\/2026\/03\/images.jpeg",547,365,false],"morenews-large":["https:\/\/opinionpublica.com.ar\/index\/wp-content\/uploads\/2026\/03\/images.jpeg",547,365,false],"morenews-medium":["https:\/\/opinionpublica.com.ar\/index\/wp-content\/uploads\/2026\/03\/images.jpeg",547,365,false]},"author_info":{"display_name":"Hal","author_link":"https:\/\/opinionpublica.com.ar\/index\/author\/hal\/"},"category_info":"<a href=\"https:\/\/opinionpublica.com.ar\/index\/category\/ushuaia\/\" rel=\"category tag\">Ushuaia<\/a>","tag_info":"Ushuaia","comment_count":"0","_links":{"self":[{"href":"https:\/\/opinionpublica.com.ar\/index\/wp-json\/wp\/v2\/posts\/12574","targetHints":{"allow":["GET"]}}],"collection":[{"href":"https:\/\/opinionpublica.com.ar\/index\/wp-json\/wp\/v2\/posts"}],"about":[{"href":"https:\/\/opinionpublica.com.ar\/index\/wp-json\/wp\/v2\/types\/post"}],"author":[{"embeddable":true,"href":"https:\/\/opinionpublica.com.ar\/index\/wp-json\/wp\/v2\/users\/5"}],"replies":[{"embeddable":true,"href":"https:\/\/opinionpublica.com.ar\/index\/wp-json\/wp\/v2\/comments?post=12574"}],"version-history":[{"count":2,"href":"https:\/\/opinionpublica.com.ar\/index\/wp-json\/wp\/v2\/posts\/12574\/revisions"}],"predecessor-version":[{"id":12602,"href":"https:\/\/opinionpublica.com.ar\/index\/wp-json\/wp\/v2\/posts\/12574\/revisions\/12602"}],"wp:featuredmedia":[{"embeddable":true,"href":"https:\/\/opinionpublica.com.ar\/index\/wp-json\/wp\/v2\/media\/12601"}],"wp:attachment":[{"href":"https:\/\/opinionpublica.com.ar\/index\/wp-json\/wp\/v2\/media?parent=12574"}],"wp:term":[{"taxonomy":"category","embeddable":true,"href":"https:\/\/opinionpublica.com.ar\/index\/wp-json\/wp\/v2\/categories?post=12574"},{"taxonomy":"post_tag","embeddable":true,"href":"https:\/\/opinionpublica.com.ar\/index\/wp-json\/wp\/v2\/tags?post=12574"}],"curies":[{"name":"wp","href":"https:\/\/api.w.org\/{rel}","templated":true}]}}