{"id":12577,"date":"2026-03-10T10:41:11","date_gmt":"2026-03-10T13:41:11","guid":{"rendered":"https:\/\/opinionpublica.com.ar\/index\/?p=12577"},"modified":"2026-03-10T10:41:11","modified_gmt":"2026-03-10T13:41:11","slug":"escandalo-en-la-municipalidad-de-ushuaia-denuncian-uso-de-vehiculos-oficiales-para-fines-personales","status":"publish","type":"post","link":"https:\/\/opinionpublica.com.ar\/index\/escandalo-en-la-municipalidad-de-ushuaia-denuncian-uso-de-vehiculos-oficiales-para-fines-personales\/","title":{"rendered":"Esc\u00e1ndalo en la Municipalidad de Ushuaia: Denuncian uso de veh\u00edculos oficiales para fines personales"},"content":{"rendered":"<h3>Esc\u00e1ndalo en la Municipalidad de Ushuaia: Denuncian uso de veh\u00edculos oficiales para fines personales<\/h3>\n<p><a href=\"https:\/\/opinionpublica.com.ar\/index\/wp-content\/uploads\/2026\/03\/MUNICIPALIDADTAPA.jpg\"><img fetchpriority=\"high\" decoding=\"async\" class=\"alignnone size-full wp-image-12603\" src=\"https:\/\/opinionpublica.com.ar\/index\/wp-content\/uploads\/2026\/03\/MUNICIPALIDADTAPA.jpg\" alt=\"\" width=\"756\" height=\"504\" srcset=\"https:\/\/opinionpublica.com.ar\/index\/wp-content\/uploads\/2026\/03\/MUNICIPALIDADTAPA.jpg 756w, https:\/\/opinionpublica.com.ar\/index\/wp-content\/uploads\/2026\/03\/MUNICIPALIDADTAPA-300x200.jpg 300w\" sizes=\"(max-width: 756px) 100vw, 756px\" \/><\/a><\/p>\n<p>La impunidad en la gesti\u00f3n Vuoto no tiene l\u00edmites. Una reciente denuncia se\u00f1ala que inspectores de tr\u00e1nsito habr\u00edan utilizado camionetas municipales para retirar m\u00f3dulos alimentarios de forma irregular. Este hecho se suma a la larga lista de privilegios para los \u00abamigos del poder\u00bb en una Ushuaia donde el ciudadano com\u00fan debe hacer malabares para pagar los impuestos. El Concejo Deliberante exige respuestas, pero el Ejecutivo municipal mantiene un silencio c\u00f3mplice que indigna a toda la comunidad.<\/p>\n","protected":false},"excerpt":{"rendered":"<p>Esc\u00e1ndalo en la Municipalidad de Ushuaia: Denuncian uso de veh\u00edculos oficiales para fines personales La impunidad en la<\/p>\n","protected":false},"author":5,"featured_media":12603,"comment_status":"open","ping_status":"open","sticky":false,"template":"","format":"standard","meta":{"footnotes":""},"categories":[21],"tags":[4159,4160,4083],"class_list":["post-12577","post","type-post","status-publish","format-standard","has-post-thumbnail","hentry","category-ushuaia","tag-autos-oficiales","tag-escandalo","tag-municipalidad-ushuaia"],"featured_image_urls":{"full":["https:\/\/opinionpublica.com.ar\/index\/wp-content\/uploads\/2026\/03\/MUNICIPALIDADTAPA.jpg",756,504,false],"thumbnail":["https:\/\/opinionpublica.com.ar\/index\/wp-content\/uploads\/2026\/03\/MUNICIPALIDADTAPA-150x150.jpg",150,150,true],"medium":["https:\/\/opinionpublica.com.ar\/index\/wp-content\/uploads\/2026\/03\/MUNICIPALIDADTAPA-300x200.jpg",300,200,true],"medium_large":["https:\/\/opinionpublica.com.ar\/index\/wp-content\/uploads\/2026\/03\/MUNICIPALIDADTAPA.jpg",640,427,false],"large":["https:\/\/opinionpublica.com.ar\/index\/wp-content\/uploads\/2026\/03\/MUNICIPALIDADTAPA.jpg",640,427,false],"1536x1536":["https:\/\/opinionpublica.com.ar\/index\/wp-content\/uploads\/2026\/03\/MUNICIPALIDADTAPA.jpg",756,504,false],"2048x2048":["https:\/\/opinionpublica.com.ar\/index\/wp-content\/uploads\/2026\/03\/MUNICIPALIDADTAPA.jpg",756,504,false],"morenews-large":["https:\/\/opinionpublica.com.ar\/index\/wp-content\/uploads\/2026\/03\/MUNICIPALIDADTAPA.jpg",756,504,false],"morenews-medium":["https:\/\/opinionpublica.com.ar\/index\/wp-content\/uploads\/2026\/03\/MUNICIPALIDADTAPA-590x410.jpg",590,410,true]},"author_info":{"display_name":"Hal","author_link":"https:\/\/opinionpublica.com.ar\/index\/author\/hal\/"},"category_info":"<a href=\"https:\/\/opinionpublica.com.ar\/index\/category\/ushuaia\/\" rel=\"category tag\">Ushuaia<\/a>","tag_info":"Ushuaia","comment_count":"0","_links":{"self":[{"href":"https:\/\/opinionpublica.com.ar\/index\/wp-json\/wp\/v2\/posts\/12577","targetHints":{"allow":["GET"]}}],"collection":[{"href":"https:\/\/opinionpublica.com.ar\/index\/wp-json\/wp\/v2\/posts"}],"about":[{"href":"https:\/\/opinionpublica.com.ar\/index\/wp-json\/wp\/v2\/types\/post"}],"author":[{"embeddable":true,"href":"https:\/\/opinionpublica.com.ar\/index\/wp-json\/wp\/v2\/users\/5"}],"replies":[{"embeddable":true,"href":"https:\/\/opinionpublica.com.ar\/index\/wp-json\/wp\/v2\/comments?post=12577"}],"version-history":[{"count":2,"href":"https:\/\/opinionpublica.com.ar\/index\/wp-json\/wp\/v2\/posts\/12577\/revisions"}],"predecessor-version":[{"id":12604,"href":"https:\/\/opinionpublica.com.ar\/index\/wp-json\/wp\/v2\/posts\/12577\/revisions\/12604"}],"wp:featuredmedia":[{"embeddable":true,"href":"https:\/\/opinionpublica.com.ar\/index\/wp-json\/wp\/v2\/media\/12603"}],"wp:attachment":[{"href":"https:\/\/opinionpublica.com.ar\/index\/wp-json\/wp\/v2\/media?parent=12577"}],"wp:term":[{"taxonomy":"category","embeddable":true,"href":"https:\/\/opinionpublica.com.ar\/index\/wp-json\/wp\/v2\/categories?post=12577"},{"taxonomy":"post_tag","embeddable":true,"href":"https:\/\/opinionpublica.com.ar\/index\/wp-json\/wp\/v2\/tags?post=12577"}],"curies":[{"name":"wp","href":"https:\/\/api.w.org\/{rel}","templated":true}]}}