{"id":12580,"date":"2026-03-10T10:51:11","date_gmt":"2026-03-10T13:51:11","guid":{"rendered":"https:\/\/opinionpublica.com.ar\/index\/?p=12580"},"modified":"2026-03-10T10:51:11","modified_gmt":"2026-03-10T13:51:11","slug":"sangria-laboral-en-tierra-del-fuego-2-300-familias-en-la-calle-y-el-gobierno-no-reacciona","status":"publish","type":"post","link":"https:\/\/opinionpublica.com.ar\/index\/sangria-laboral-en-tierra-del-fuego-2-300-familias-en-la-calle-y-el-gobierno-no-reacciona\/","title":{"rendered":"Sangr\u00eda laboral en Tierra del Fuego: 2.300 familias en la calle y el Gobierno no reacciona"},"content":{"rendered":"<h3>Sangr\u00eda laboral en Tierra del Fuego: 2.300 familias en la calle y el Gobierno no reacciona<\/h3>\n<p><a href=\"https:\/\/opinionpublica.com.ar\/index\/wp-content\/uploads\/2026\/03\/DSC01092-1024x683-1.jpg\"><img fetchpriority=\"high\" decoding=\"async\" class=\"alignnone size-full wp-image-12605\" src=\"https:\/\/opinionpublica.com.ar\/index\/wp-content\/uploads\/2026\/03\/DSC01092-1024x683-1.jpg\" alt=\"\" width=\"1024\" height=\"683\" srcset=\"https:\/\/opinionpublica.com.ar\/index\/wp-content\/uploads\/2026\/03\/DSC01092-1024x683-1.jpg 1024w, https:\/\/opinionpublica.com.ar\/index\/wp-content\/uploads\/2026\/03\/DSC01092-1024x683-1-300x200.jpg 300w, https:\/\/opinionpublica.com.ar\/index\/wp-content\/uploads\/2026\/03\/DSC01092-1024x683-1-768x512.jpg 768w\" sizes=\"(max-width: 1024px) 100vw, 1024px\" \/><\/a><\/p>\n<p>Las cifras del empleo privado en la provincia son catastr\u00f3ficas. En apenas dos meses, la industria electr\u00f3nica perdi\u00f3 2.000 puestos y la textil otros 300. Mientras empresas como Aires del Sur entran en quiebra y los trabajadores toman las plantas ante la falta de pago, el gobernador Melella y los intendentes miran hacia otro lado. No hay un plan de salvataje real; solo discursos vac\u00edos que no llenan la mesa de los fueguinos que hoy se quedaron sin sustento.<\/p>\n","protected":false},"excerpt":{"rendered":"<p>Sangr\u00eda laboral en Tierra del Fuego: 2.300 familias en la calle y el Gobierno no reacciona Las cifras<\/p>\n","protected":false},"author":5,"featured_media":12605,"comment_status":"open","ping_status":"open","sticky":false,"template":"","format":"standard","meta":{"footnotes":""},"categories":[2],"tags":[4137,4161],"class_list":["post-12580","post","type-post","status-publish","format-standard","has-post-thumbnail","hentry","category-tierra-del-fuego","tag-alto-desempleo","tag-crisis-laboral"],"featured_image_urls":{"full":["https:\/\/opinionpublica.com.ar\/index\/wp-content\/uploads\/2026\/03\/DSC01092-1024x683-1.jpg",1024,683,false],"thumbnail":["https:\/\/opinionpublica.com.ar\/index\/wp-content\/uploads\/2026\/03\/DSC01092-1024x683-1-150x150.jpg",150,150,true],"medium":["https:\/\/opinionpublica.com.ar\/index\/wp-content\/uploads\/2026\/03\/DSC01092-1024x683-1-300x200.jpg",300,200,true],"medium_large":["https:\/\/opinionpublica.com.ar\/index\/wp-content\/uploads\/2026\/03\/DSC01092-1024x683-1-768x512.jpg",640,427,true],"large":["https:\/\/opinionpublica.com.ar\/index\/wp-content\/uploads\/2026\/03\/DSC01092-1024x683-1.jpg",640,427,false],"1536x1536":["https:\/\/opinionpublica.com.ar\/index\/wp-content\/uploads\/2026\/03\/DSC01092-1024x683-1.jpg",1024,683,false],"2048x2048":["https:\/\/opinionpublica.com.ar\/index\/wp-content\/uploads\/2026\/03\/DSC01092-1024x683-1.jpg",1024,683,false],"morenews-large":["https:\/\/opinionpublica.com.ar\/index\/wp-content\/uploads\/2026\/03\/DSC01092-1024x683-1-825x575.jpg",825,575,true],"morenews-medium":["https:\/\/opinionpublica.com.ar\/index\/wp-content\/uploads\/2026\/03\/DSC01092-1024x683-1-590x410.jpg",590,410,true]},"author_info":{"display_name":"Hal","author_link":"https:\/\/opinionpublica.com.ar\/index\/author\/hal\/"},"category_info":"<a href=\"https:\/\/opinionpublica.com.ar\/index\/category\/tierra-del-fuego\/\" rel=\"category tag\">Tierra del Fuego<\/a>","tag_info":"Tierra del Fuego","comment_count":"0","_links":{"self":[{"href":"https:\/\/opinionpublica.com.ar\/index\/wp-json\/wp\/v2\/posts\/12580","targetHints":{"allow":["GET"]}}],"collection":[{"href":"https:\/\/opinionpublica.com.ar\/index\/wp-json\/wp\/v2\/posts"}],"about":[{"href":"https:\/\/opinionpublica.com.ar\/index\/wp-json\/wp\/v2\/types\/post"}],"author":[{"embeddable":true,"href":"https:\/\/opinionpublica.com.ar\/index\/wp-json\/wp\/v2\/users\/5"}],"replies":[{"embeddable":true,"href":"https:\/\/opinionpublica.com.ar\/index\/wp-json\/wp\/v2\/comments?post=12580"}],"version-history":[{"count":2,"href":"https:\/\/opinionpublica.com.ar\/index\/wp-json\/wp\/v2\/posts\/12580\/revisions"}],"predecessor-version":[{"id":12606,"href":"https:\/\/opinionpublica.com.ar\/index\/wp-json\/wp\/v2\/posts\/12580\/revisions\/12606"}],"wp:featuredmedia":[{"embeddable":true,"href":"https:\/\/opinionpublica.com.ar\/index\/wp-json\/wp\/v2\/media\/12605"}],"wp:attachment":[{"href":"https:\/\/opinionpublica.com.ar\/index\/wp-json\/wp\/v2\/media?parent=12580"}],"wp:term":[{"taxonomy":"category","embeddable":true,"href":"https:\/\/opinionpublica.com.ar\/index\/wp-json\/wp\/v2\/categories?post=12580"},{"taxonomy":"post_tag","embeddable":true,"href":"https:\/\/opinionpublica.com.ar\/index\/wp-json\/wp\/v2\/tags?post=12580"}],"curies":[{"name":"wp","href":"https:\/\/api.w.org\/{rel}","templated":true}]}}