{"id":12583,"date":"2026-03-10T11:02:19","date_gmt":"2026-03-10T14:02:19","guid":{"rendered":"https:\/\/opinionpublica.com.ar\/index\/?p=12583"},"modified":"2026-03-10T11:02:19","modified_gmt":"2026-03-10T14:02:19","slug":"el-1-de-la-burla-docentes-en-pie-de-guerra-contra-el-ajuste-de-melella","status":"publish","type":"post","link":"https:\/\/opinionpublica.com.ar\/index\/el-1-de-la-burla-docentes-en-pie-de-guerra-contra-el-ajuste-de-melella\/","title":{"rendered":"El \u00ab1% de la burla\u00bb: Docentes en pie de guerra contra el ajuste de Melella"},"content":{"rendered":"<h3>El \u00ab1% de la burla\u00bb: Docentes en pie de guerra contra el ajuste de Melella<\/h3>\n<p><a href=\"https:\/\/opinionpublica.com.ar\/index\/wp-content\/uploads\/2026\/03\/f638x638-125834_184001_5050.jpg\"><img fetchpriority=\"high\" decoding=\"async\" class=\"alignnone size-full wp-image-12607\" src=\"https:\/\/opinionpublica.com.ar\/index\/wp-content\/uploads\/2026\/03\/f638x638-125834_184001_5050.jpg\" alt=\"\" width=\"638\" height=\"638\" srcset=\"https:\/\/opinionpublica.com.ar\/index\/wp-content\/uploads\/2026\/03\/f638x638-125834_184001_5050.jpg 638w, https:\/\/opinionpublica.com.ar\/index\/wp-content\/uploads\/2026\/03\/f638x638-125834_184001_5050-300x300.jpg 300w, https:\/\/opinionpublica.com.ar\/index\/wp-content\/uploads\/2026\/03\/f638x638-125834_184001_5050-150x150.jpg 150w\" sizes=\"(max-width: 638px) 100vw, 638px\" \/><\/a><\/p>\n<p>La educaci\u00f3n p\u00fablica en Tierra del Fuego est\u00e1 paralizada. El SUTEF ratific\u00f3 un plan de lucha con desobligaciones y paros ante la oferta salarial del 1% propuesta por el Ejecutivo Provincial. Los docentes califican la cifra como una \u00abfalta de respeto\u00bb frente a una inflaci\u00f3n que no da tregua. Mientras el Gobierno gasta millones en consultoras y eventos, pretende que los maestros vivan con salarios de indigencia. El ciclo lectivo 2026 ya es un fracaso anunciado por la soberbia oficial.<\/p>\n","protected":false},"excerpt":{"rendered":"<p>El \u00ab1% de la burla\u00bb: Docentes en pie de guerra contra el ajuste de Melella La educaci\u00f3n p\u00fablica<\/p>\n","protected":false},"author":5,"featured_media":12607,"comment_status":"open","ping_status":"open","sticky":false,"template":"","format":"standard","meta":{"footnotes":""},"categories":[2],"tags":[1333,2808,805],"class_list":["post-12583","post","type-post","status-publish","format-standard","has-post-thumbnail","hentry","category-tierra-del-fuego","tag-movilizacion","tag-paro-docente","tag-sutef"],"featured_image_urls":{"full":["https:\/\/opinionpublica.com.ar\/index\/wp-content\/uploads\/2026\/03\/f638x638-125834_184001_5050.jpg",638,638,false],"thumbnail":["https:\/\/opinionpublica.com.ar\/index\/wp-content\/uploads\/2026\/03\/f638x638-125834_184001_5050-150x150.jpg",150,150,true],"medium":["https:\/\/opinionpublica.com.ar\/index\/wp-content\/uploads\/2026\/03\/f638x638-125834_184001_5050-300x300.jpg",300,300,true],"medium_large":["https:\/\/opinionpublica.com.ar\/index\/wp-content\/uploads\/2026\/03\/f638x638-125834_184001_5050.jpg",638,638,false],"large":["https:\/\/opinionpublica.com.ar\/index\/wp-content\/uploads\/2026\/03\/f638x638-125834_184001_5050.jpg",638,638,false],"1536x1536":["https:\/\/opinionpublica.com.ar\/index\/wp-content\/uploads\/2026\/03\/f638x638-125834_184001_5050.jpg",638,638,false],"2048x2048":["https:\/\/opinionpublica.com.ar\/index\/wp-content\/uploads\/2026\/03\/f638x638-125834_184001_5050.jpg",638,638,false],"morenews-large":["https:\/\/opinionpublica.com.ar\/index\/wp-content\/uploads\/2026\/03\/f638x638-125834_184001_5050-638x575.jpg",638,575,true],"morenews-medium":["https:\/\/opinionpublica.com.ar\/index\/wp-content\/uploads\/2026\/03\/f638x638-125834_184001_5050-590x410.jpg",590,410,true]},"author_info":{"display_name":"Hal","author_link":"https:\/\/opinionpublica.com.ar\/index\/author\/hal\/"},"category_info":"<a href=\"https:\/\/opinionpublica.com.ar\/index\/category\/tierra-del-fuego\/\" rel=\"category tag\">Tierra del Fuego<\/a>","tag_info":"Tierra del Fuego","comment_count":"0","_links":{"self":[{"href":"https:\/\/opinionpublica.com.ar\/index\/wp-json\/wp\/v2\/posts\/12583","targetHints":{"allow":["GET"]}}],"collection":[{"href":"https:\/\/opinionpublica.com.ar\/index\/wp-json\/wp\/v2\/posts"}],"about":[{"href":"https:\/\/opinionpublica.com.ar\/index\/wp-json\/wp\/v2\/types\/post"}],"author":[{"embeddable":true,"href":"https:\/\/opinionpublica.com.ar\/index\/wp-json\/wp\/v2\/users\/5"}],"replies":[{"embeddable":true,"href":"https:\/\/opinionpublica.com.ar\/index\/wp-json\/wp\/v2\/comments?post=12583"}],"version-history":[{"count":2,"href":"https:\/\/opinionpublica.com.ar\/index\/wp-json\/wp\/v2\/posts\/12583\/revisions"}],"predecessor-version":[{"id":12608,"href":"https:\/\/opinionpublica.com.ar\/index\/wp-json\/wp\/v2\/posts\/12583\/revisions\/12608"}],"wp:featuredmedia":[{"embeddable":true,"href":"https:\/\/opinionpublica.com.ar\/index\/wp-json\/wp\/v2\/media\/12607"}],"wp:attachment":[{"href":"https:\/\/opinionpublica.com.ar\/index\/wp-json\/wp\/v2\/media?parent=12583"}],"wp:term":[{"taxonomy":"category","embeddable":true,"href":"https:\/\/opinionpublica.com.ar\/index\/wp-json\/wp\/v2\/categories?post=12583"},{"taxonomy":"post_tag","embeddable":true,"href":"https:\/\/opinionpublica.com.ar\/index\/wp-json\/wp\/v2\/tags?post=12583"}],"curies":[{"name":"wp","href":"https:\/\/api.w.org\/{rel}","templated":true}]}}