{"id":12586,"date":"2026-03-10T11:05:18","date_gmt":"2026-03-10T14:05:18","guid":{"rendered":"https:\/\/opinionpublica.com.ar\/index\/?p=12586"},"modified":"2026-03-10T11:05:18","modified_gmt":"2026-03-10T14:05:18","slug":"el-changuito-federal-es-impagable-vivir-en-la-isla-cuesta-casi-un-millon-de-pesos","status":"publish","type":"post","link":"https:\/\/opinionpublica.com.ar\/index\/el-changuito-federal-es-impagable-vivir-en-la-isla-cuesta-casi-un-millon-de-pesos\/","title":{"rendered":"El \u00abChanguito Federal\u00bb es impagable: Vivir en la isla cuesta casi un mill\u00f3n de pesos"},"content":{"rendered":"<h3>El \u00abChanguito Federal\u00bb es impagable: Vivir en la isla cuesta casi un mill\u00f3n de pesos<\/h3>\n<p><a href=\"https:\/\/opinionpublica.com.ar\/index\/wp-content\/uploads\/2025\/01\/20250117020511_sin_titulo-canasta-basica.jpg\"><img fetchpriority=\"high\" decoding=\"async\" class=\"alignnone size-full wp-image-8372\" src=\"https:\/\/opinionpublica.com.ar\/index\/wp-content\/uploads\/2025\/01\/20250117020511_sin_titulo-canasta-basica.jpg\" alt=\"\" width=\"880\" height=\"586\" srcset=\"https:\/\/opinionpublica.com.ar\/index\/wp-content\/uploads\/2025\/01\/20250117020511_sin_titulo-canasta-basica.jpg 880w, https:\/\/opinionpublica.com.ar\/index\/wp-content\/uploads\/2025\/01\/20250117020511_sin_titulo-canasta-basica-300x200.jpg 300w, https:\/\/opinionpublica.com.ar\/index\/wp-content\/uploads\/2025\/01\/20250117020511_sin_titulo-canasta-basica-768x511.jpg 768w\" sizes=\"(max-width: 880px) 100vw, 880px\" \/><\/a><\/p>\n<p>Un reciente informe privado revel\u00f3 que el costo de vida en Tierra del Fuego se dispar\u00f3, necesitando una familia m\u00e1s de 900.000 pesos para no ser pobre. R\u00edo Grande y Ushuaia lideran los aumentos en alimentos y servicios. Ante este escenario de asfixia econ\u00f3mica, la respuesta de las municipalidades, especialmente la de Walter Vuoto, ha sido aumentar las tasas de servicios, asfixiando a\u00fan m\u00e1s al comercio local y a las familias que ya no saben qu\u00e9 m\u00e1s recortar.<\/p>\n","protected":false},"excerpt":{"rendered":"<p>El \u00abChanguito Federal\u00bb es impagable: Vivir en la isla cuesta casi un mill\u00f3n de pesos Un reciente informe<\/p>\n","protected":false},"author":5,"featured_media":8372,"comment_status":"open","ping_status":"open","sticky":false,"template":"","format":"standard","meta":{"footnotes":""},"categories":[2],"tags":[125],"class_list":["post-12586","post","type-post","status-publish","format-standard","has-post-thumbnail","hentry","category-tierra-del-fuego","tag-canasta-basica"],"featured_image_urls":{"full":["https:\/\/opinionpublica.com.ar\/index\/wp-content\/uploads\/2025\/01\/20250117020511_sin_titulo-canasta-basica.jpg",880,586,false],"thumbnail":["https:\/\/opinionpublica.com.ar\/index\/wp-content\/uploads\/2025\/01\/20250117020511_sin_titulo-canasta-basica-150x150.jpg",150,150,true],"medium":["https:\/\/opinionpublica.com.ar\/index\/wp-content\/uploads\/2025\/01\/20250117020511_sin_titulo-canasta-basica-300x200.jpg",300,200,true],"medium_large":["https:\/\/opinionpublica.com.ar\/index\/wp-content\/uploads\/2025\/01\/20250117020511_sin_titulo-canasta-basica-768x511.jpg",640,426,true],"large":["https:\/\/opinionpublica.com.ar\/index\/wp-content\/uploads\/2025\/01\/20250117020511_sin_titulo-canasta-basica.jpg",640,426,false],"1536x1536":["https:\/\/opinionpublica.com.ar\/index\/wp-content\/uploads\/2025\/01\/20250117020511_sin_titulo-canasta-basica.jpg",880,586,false],"2048x2048":["https:\/\/opinionpublica.com.ar\/index\/wp-content\/uploads\/2025\/01\/20250117020511_sin_titulo-canasta-basica.jpg",880,586,false],"morenews-large":["https:\/\/opinionpublica.com.ar\/index\/wp-content\/uploads\/2025\/01\/20250117020511_sin_titulo-canasta-basica-825x575.jpg",825,575,true],"morenews-medium":["https:\/\/opinionpublica.com.ar\/index\/wp-content\/uploads\/2025\/01\/20250117020511_sin_titulo-canasta-basica-590x410.jpg",590,410,true]},"author_info":{"display_name":"Hal","author_link":"https:\/\/opinionpublica.com.ar\/index\/author\/hal\/"},"category_info":"<a href=\"https:\/\/opinionpublica.com.ar\/index\/category\/tierra-del-fuego\/\" rel=\"category tag\">Tierra del Fuego<\/a>","tag_info":"Tierra del Fuego","comment_count":"0","_links":{"self":[{"href":"https:\/\/opinionpublica.com.ar\/index\/wp-json\/wp\/v2\/posts\/12586","targetHints":{"allow":["GET"]}}],"collection":[{"href":"https:\/\/opinionpublica.com.ar\/index\/wp-json\/wp\/v2\/posts"}],"about":[{"href":"https:\/\/opinionpublica.com.ar\/index\/wp-json\/wp\/v2\/types\/post"}],"author":[{"embeddable":true,"href":"https:\/\/opinionpublica.com.ar\/index\/wp-json\/wp\/v2\/users\/5"}],"replies":[{"embeddable":true,"href":"https:\/\/opinionpublica.com.ar\/index\/wp-json\/wp\/v2\/comments?post=12586"}],"version-history":[{"count":2,"href":"https:\/\/opinionpublica.com.ar\/index\/wp-json\/wp\/v2\/posts\/12586\/revisions"}],"predecessor-version":[{"id":12609,"href":"https:\/\/opinionpublica.com.ar\/index\/wp-json\/wp\/v2\/posts\/12586\/revisions\/12609"}],"wp:featuredmedia":[{"embeddable":true,"href":"https:\/\/opinionpublica.com.ar\/index\/wp-json\/wp\/v2\/media\/8372"}],"wp:attachment":[{"href":"https:\/\/opinionpublica.com.ar\/index\/wp-json\/wp\/v2\/media?parent=12586"}],"wp:term":[{"taxonomy":"category","embeddable":true,"href":"https:\/\/opinionpublica.com.ar\/index\/wp-json\/wp\/v2\/categories?post=12586"},{"taxonomy":"post_tag","embeddable":true,"href":"https:\/\/opinionpublica.com.ar\/index\/wp-json\/wp\/v2\/tags?post=12586"}],"curies":[{"name":"wp","href":"https:\/\/api.w.org\/{rel}","templated":true}]}}