{"id":1259,"date":"2024-03-29T11:26:13","date_gmt":"2024-03-29T14:26:13","guid":{"rendered":"https:\/\/opinionpublica.com.ar\/index\/?p=1259"},"modified":"2024-03-29T11:26:13","modified_gmt":"2024-03-29T14:26:13","slug":"se-realizara-sin-funcionarios-nacionales-la-vigilia-del-2-de-abril-por-malvinas","status":"publish","type":"post","link":"https:\/\/opinionpublica.com.ar\/index\/se-realizara-sin-funcionarios-nacionales-la-vigilia-del-2-de-abril-por-malvinas\/","title":{"rendered":"Se realizar\u00e1 sin funcionarios nacionales la Vigilia del 2 de abril por Malvinas"},"content":{"rendered":"<p>En el marco de las actividades en todo el pa\u00eds por la conmemoraci\u00f3n del D\u00eda del Veterano y de los Ca\u00eddos en la Guerra de Malvinas el 2 de abril, el presidente de la Naci\u00f3n, Javier Milei, encabezar\u00e1 un acto central en la Plaza San Mart\u00edn, ubicada en el barrio porte\u00f1o de Retiro. El jefe de Estado depositar\u00e1 una ofrenda floral en el cenotafio, construido en los \u201990, en homenaje a los 649 soldados que murieron en la guerra entre Argentina y el Reino Unido. Luego est\u00e1 programado un breve discurso. Pese a que trascendi\u00f3 que har\u00e1n actividades diferentes, el martes tambi\u00e9n estar\u00e1 invitada la vicepresidente, Victoria Villarruel, y otras autoridades del Gobierno nacional.<\/p>\n<p><a href=\"https:\/\/opinionpublica.com.ar\/index\/wp-content\/uploads\/2024\/03\/vigilia-malvinas.webp\"><img fetchpriority=\"high\" decoding=\"async\" class=\"alignnone  wp-image-1254\" src=\"https:\/\/opinionpublica.com.ar\/index\/wp-content\/uploads\/2024\/03\/vigilia-malvinas-300x200.webp\" alt=\"\" width=\"392\" height=\"261\" srcset=\"https:\/\/opinionpublica.com.ar\/index\/wp-content\/uploads\/2024\/03\/vigilia-malvinas-300x200.webp 300w, https:\/\/opinionpublica.com.ar\/index\/wp-content\/uploads\/2024\/03\/vigilia-malvinas-1024x682.webp 1024w, https:\/\/opinionpublica.com.ar\/index\/wp-content\/uploads\/2024\/03\/vigilia-malvinas-768x512.webp 768w, https:\/\/opinionpublica.com.ar\/index\/wp-content\/uploads\/2024\/03\/vigilia-malvinas.webp 1280w\" sizes=\"(max-width: 392px) 100vw, 392px\" \/><\/a><\/p>\n<p>Por la tarde, Milei har\u00e1 otro cambio de nombre a los salones de la Casa Rosada. En este caso, al conocido como Pueblos Originarios, que seg\u00fan trascendi\u00f3 ser\u00eda rebautizado con una menci\u00f3n vinculada a Malvinas. En sinton\u00eda con las medidas que viene llevando adelante, en lo que va de su gobierno Milei ya cambi\u00f3 la nomenclatura el pasado ocho de marzo del \u201cSal\u00f3n de las Mujeres\u201d por \u201cSala de los Pr\u00f3ceres\u201d y recientemente anunci\u00f3 el cambio de nombre del Centro Cultural N\u00e9stor Kirchner (CCK).<\/p>\n<p>En el caso de Villarruel, sus planes de organizar un desfile militar por el aniversario de la guerra se vieron suspendidos luego de que la Casa de gobierno asegur\u00f3 -en un momento de ajuste- el alto costo que implicar\u00eda concretarlo.<\/p>\n<p>La agenda de la titular del Senado, a cargo de Nicolas Kasanzew, se pasar\u00e1 para el tres de abril en el Sal\u00f3n Azul del Congreso. Se entregar\u00e1n diplomas de honor a doce excombatientes, a uno de ellos post mortem. Ese acto cerrar\u00e1 con un discurso de la vicepresidenta.<\/p>\n<p>Adem\u00e1s, el cronograma de eventos en la C\u00e1mara Alta contin\u00faa el 4 de abril con la presentaci\u00f3n del libro \u201cEl altar y la guerra\u201d. Los capellanes de la gesta de Malvinas y se inaugurar\u00e1 una muestra de pintura del batallista y marinista Carlos A. Garc\u00eda. Tambi\u00e9n se exhibir\u00e1 una gigantograf\u00eda con una imagen satelital de las Islas Malvinas en la estaci\u00f3n de subte Congreso de la L\u00ednea A.<\/p>\n<p class=\"wp-block-heading\">Vigilia y acto central en Tierra del Fuego<\/p>\n<p>Si bien circul\u00f3 que Villarruel podr\u00eda llegar a la provincia de Tierra del Fuego, donde cada a\u00f1o se realiza el 1 de abril, en la ciudad de R\u00edo Grande, la tradicional Vigilia por la Gesta de Malvinas y el d\u00eda dos el desfile central por las calles de Ushuaia, la informaci\u00f3n no fue confirmada oficialmente por el momento, tampoco la llegada de alg\u00fan otro funcionario del gobierno nacional.<\/p>\n<p>Sin embargo, ante los trascendidos, organismos de derechos humanos de la provincia se declararon el pasado 24 de marzo en alerta ante su posible desembarco marcando postura frente a \u201cquienes niegan la existencia de los cr\u00edmenes de lesa humanidad perpetrados por los represores genocidas, que tambi\u00e9n padecieron los excombatientes durante la guerra y que buscan justicia\u201d.<\/p>\n","protected":false},"excerpt":{"rendered":"<p>En el marco de las actividades en todo el pa\u00eds por la conmemoraci\u00f3n del D\u00eda del Veterano y<\/p>\n","protected":false},"author":8,"featured_media":647,"comment_status":"open","ping_status":"open","sticky":false,"template":"","format":"standard","meta":{"footnotes":""},"categories":[2],"tags":[45,5,314],"class_list":["post-1259","post","type-post","status-publish","format-standard","has-post-thumbnail","hentry","category-tierra-del-fuego","tag-malvinas","tag-tierra-del-fuego","tag-vigilia"],"featured_image_urls":{"full":["https:\/\/opinionpublica.com.ar\/index\/wp-content\/uploads\/2024\/03\/malvinas.jpg_1718483346.jpg",600,340,false],"thumbnail":["https:\/\/opinionpublica.com.ar\/index\/wp-content\/uploads\/2024\/03\/malvinas.jpg_1718483346-150x150.jpg",150,150,true],"medium":["https:\/\/opinionpublica.com.ar\/index\/wp-content\/uploads\/2024\/03\/malvinas.jpg_1718483346-300x170.jpg",300,170,true],"medium_large":["https:\/\/opinionpublica.com.ar\/index\/wp-content\/uploads\/2024\/03\/malvinas.jpg_1718483346.jpg",600,340,false],"large":["https:\/\/opinionpublica.com.ar\/index\/wp-content\/uploads\/2024\/03\/malvinas.jpg_1718483346.jpg",600,340,false],"1536x1536":["https:\/\/opinionpublica.com.ar\/index\/wp-content\/uploads\/2024\/03\/malvinas.jpg_1718483346.jpg",600,340,false],"2048x2048":["https:\/\/opinionpublica.com.ar\/index\/wp-content\/uploads\/2024\/03\/malvinas.jpg_1718483346.jpg",600,340,false],"morenews-large":["https:\/\/opinionpublica.com.ar\/index\/wp-content\/uploads\/2024\/03\/malvinas.jpg_1718483346.jpg",600,340,false],"morenews-medium":["https:\/\/opinionpublica.com.ar\/index\/wp-content\/uploads\/2024\/03\/malvinas.jpg_1718483346-590x340.jpg",590,340,true]},"author_info":{"display_name":"RKing","author_link":"https:\/\/opinionpublica.com.ar\/index\/author\/rking\/"},"category_info":"<a href=\"https:\/\/opinionpublica.com.ar\/index\/category\/tierra-del-fuego\/\" rel=\"category tag\">Tierra del Fuego<\/a>","tag_info":"Tierra del Fuego","comment_count":"0","_links":{"self":[{"href":"https:\/\/opinionpublica.com.ar\/index\/wp-json\/wp\/v2\/posts\/1259","targetHints":{"allow":["GET"]}}],"collection":[{"href":"https:\/\/opinionpublica.com.ar\/index\/wp-json\/wp\/v2\/posts"}],"about":[{"href":"https:\/\/opinionpublica.com.ar\/index\/wp-json\/wp\/v2\/types\/post"}],"author":[{"embeddable":true,"href":"https:\/\/opinionpublica.com.ar\/index\/wp-json\/wp\/v2\/users\/8"}],"replies":[{"embeddable":true,"href":"https:\/\/opinionpublica.com.ar\/index\/wp-json\/wp\/v2\/comments?post=1259"}],"version-history":[{"count":1,"href":"https:\/\/opinionpublica.com.ar\/index\/wp-json\/wp\/v2\/posts\/1259\/revisions"}],"predecessor-version":[{"id":1260,"href":"https:\/\/opinionpublica.com.ar\/index\/wp-json\/wp\/v2\/posts\/1259\/revisions\/1260"}],"wp:featuredmedia":[{"embeddable":true,"href":"https:\/\/opinionpublica.com.ar\/index\/wp-json\/wp\/v2\/media\/647"}],"wp:attachment":[{"href":"https:\/\/opinionpublica.com.ar\/index\/wp-json\/wp\/v2\/media?parent=1259"}],"wp:term":[{"taxonomy":"category","embeddable":true,"href":"https:\/\/opinionpublica.com.ar\/index\/wp-json\/wp\/v2\/categories?post=1259"},{"taxonomy":"post_tag","embeddable":true,"href":"https:\/\/opinionpublica.com.ar\/index\/wp-json\/wp\/v2\/tags?post=1259"}],"curies":[{"name":"wp","href":"https:\/\/api.w.org\/{rel}","templated":true}]}}