{"id":12621,"date":"2026-03-11T10:49:49","date_gmt":"2026-03-11T13:49:49","guid":{"rendered":"https:\/\/opinionpublica.com.ar\/index\/?p=12621"},"modified":"2026-03-11T10:49:49","modified_gmt":"2026-03-11T13:49:49","slug":"una-provincia-sin-rumbo","status":"publish","type":"post","link":"https:\/\/opinionpublica.com.ar\/index\/una-provincia-sin-rumbo\/","title":{"rendered":"Una provincia sin rumbo\u00a0"},"content":{"rendered":"<h3>Una provincia sin rumbo<\/h3>\n<p><a href=\"https:\/\/opinionpublica.com.ar\/index\/wp-content\/uploads\/2026\/03\/IMG-20260311-WA0000.jpg\"><img fetchpriority=\"high\" decoding=\"async\" class=\"alignnone size-full wp-image-12623\" src=\"https:\/\/opinionpublica.com.ar\/index\/wp-content\/uploads\/2026\/03\/IMG-20260311-WA0000.jpg\" alt=\"\" width=\"1600\" height=\"1039\" srcset=\"https:\/\/opinionpublica.com.ar\/index\/wp-content\/uploads\/2026\/03\/IMG-20260311-WA0000.jpg 1600w, https:\/\/opinionpublica.com.ar\/index\/wp-content\/uploads\/2026\/03\/IMG-20260311-WA0000-300x195.jpg 300w, https:\/\/opinionpublica.com.ar\/index\/wp-content\/uploads\/2026\/03\/IMG-20260311-WA0000-1024x665.jpg 1024w, https:\/\/opinionpublica.com.ar\/index\/wp-content\/uploads\/2026\/03\/IMG-20260311-WA0000-768x499.jpg 768w, https:\/\/opinionpublica.com.ar\/index\/wp-content\/uploads\/2026\/03\/IMG-20260311-WA0000-1536x997.jpg 1536w\" sizes=\"(max-width: 1600px) 100vw, 1600px\" \/><\/a><\/p>\n<p>El dirigente provincial del Partido Arraigo y Renovaci\u00f3n (PAR), Gustavo Ventura, public\u00f3 un duro mensaje en la red social X en el que cuestion\u00f3 con dureza al gobernador de la provincia, Gustavo Melella, en medio de la pol\u00e9mica por posibles acuerdos de cooperaci\u00f3n e inversi\u00f3n con China.<\/p>\n<p>En su publicaci\u00f3n, Ventura sostuvo que el escenario pol\u00edtico que viene en el pa\u00eds y en la provincia ser\u00e1 distinto al actual. \u201cNo solo el pr\u00f3ximo presidente no ser\u00e1 kirchnerista, tampoco ser\u00e1 el gobernador de Tierra del Fuego ni el intendente de Ushuaia, te lo aseguro\u201d, afirm\u00f3.<\/p>\n<p>Y concluy\u00f3 su publicaci\u00f3n con una frase cr\u00edtica hacia la dirigencia pol\u00edtica:<\/p>\n<p>\u201cIncre\u00edble c\u00f3mo de estadistas muchos se convierten hoy en alimento de centollas\u201d.<\/p>\n<p>Consultado sobre la posibilidad de inversiones o acuerdos con empresas chinas en \u00e1reas estrat\u00e9gicas, Ventura plante\u00f3 reparos vinculados al contexto geopol\u00edtico internacional.<\/p>\n<p>Seg\u00fan se\u00f1al\u00f3, en el escenario actual resulta riesgoso avanzar con convenios que involucren sectores sensibles.<\/p>\n<p>\u201cDada la situaci\u00f3n geopol\u00edtica en la que se encuentra hoy el mundo y Argentina, entregar nuestra energ\u00eda a China es contraproducente. Tambi\u00e9n ofrecerle \u00e1reas tan sensibles como la digitalizaci\u00f3n del gobierno o asistencia en educaci\u00f3n reviste una peligrosidad extrema. Una pregunta que absolutamente nadie responde es c\u00f3mo va a ser el recupero de la inversi\u00f3n que hace China por m\u00e1s de 90 millones de d\u00f3lares, que se le va a dar a cambio, ning\u00fan funcionario habla de eso, por lo tanto, todo esto es extremadamente peligroso para los fueguinos\u201d, sostuvo.<\/p>\n<p>El dirigente fueguino consider\u00f3 adem\u00e1s que este tipo de decisiones podr\u00edan colocar a la provincia en una posici\u00f3n delicada frente a conflictos internacionales.<\/p>\n<p>\u201cNos pone en el ojo de la tormenta a un pueblo de paz como Tierra del Fuego, ante un eventual conflicto global\u201d, advirti\u00f3.<\/p>\n<p>Ventura tambi\u00e9n plante\u00f3 que la provincia deber\u00eda actuar en coordinaci\u00f3n con el gobierno nacional a la hora de definir su pol\u00edtica internacional y de inversiones. \u201cEn estos momentos hay que ser cautos, dialogar con todos y posicionarnos no de modo individual, para conseguir el mayor beneficio para Tierra del Fuego\u201d, indic\u00f3.<\/p>\n<p>En ese sentido, sostuvo que la prioridad deber\u00eda ser la generaci\u00f3n de empleo y el desarrollo productivo.<\/p>\n<p>\u201cLas inversiones que generen trabajo son lo m\u00e1s inteligente. Hoy estamos yendo exactamente en el sentido opuesto\u201d, afirm\u00f3.<\/p>\n<p>Finalmente, Ventura atribuy\u00f3 la situaci\u00f3n a lo que defini\u00f3 como un modelo pol\u00edtico agotado.<\/p>\n<p>\u201cTodo esto es producto de un modelo y una forma de hacer pol\u00edtica y gesti\u00f3n anacr\u00f3nica, que lo \u00fanico que logra es empeorar todos los \u00edndices y alejarnos del mundo real y de sus oportunidades\u201d, concluy\u00f3.<\/p>\n<p>&nbsp;<\/p>\n","protected":false},"excerpt":{"rendered":"<p>Una provincia sin rumbo El dirigente provincial del Partido Arraigo y Renovaci\u00f3n (PAR), Gustavo Ventura, public\u00f3 un duro<\/p>\n","protected":false},"author":5,"featured_media":12623,"comment_status":"open","ping_status":"open","sticky":false,"template":"","format":"standard","meta":{"footnotes":""},"categories":[1096,27],"tags":[144,3980],"class_list":["post-12621","post","type-post","status-publish","format-standard","has-post-thumbnail","hentry","category-destacada","category-politica","tag-gustavo-ventura","tag-partido-arraigado-y-renovacion"],"featured_image_urls":{"full":["https:\/\/opinionpublica.com.ar\/index\/wp-content\/uploads\/2026\/03\/IMG-20260311-WA0000.jpg",1600,1039,false],"thumbnail":["https:\/\/opinionpublica.com.ar\/index\/wp-content\/uploads\/2026\/03\/IMG-20260311-WA0000-150x150.jpg",150,150,true],"medium":["https:\/\/opinionpublica.com.ar\/index\/wp-content\/uploads\/2026\/03\/IMG-20260311-WA0000-300x195.jpg",300,195,true],"medium_large":["https:\/\/opinionpublica.com.ar\/index\/wp-content\/uploads\/2026\/03\/IMG-20260311-WA0000-768x499.jpg",640,416,true],"large":["https:\/\/opinionpublica.com.ar\/index\/wp-content\/uploads\/2026\/03\/IMG-20260311-WA0000-1024x665.jpg",640,416,true],"1536x1536":["https:\/\/opinionpublica.com.ar\/index\/wp-content\/uploads\/2026\/03\/IMG-20260311-WA0000-1536x997.jpg",1536,997,true],"2048x2048":["https:\/\/opinionpublica.com.ar\/index\/wp-content\/uploads\/2026\/03\/IMG-20260311-WA0000.jpg",1600,1039,false],"morenews-large":["https:\/\/opinionpublica.com.ar\/index\/wp-content\/uploads\/2026\/03\/IMG-20260311-WA0000-825x575.jpg",825,575,true],"morenews-medium":["https:\/\/opinionpublica.com.ar\/index\/wp-content\/uploads\/2026\/03\/IMG-20260311-WA0000-590x410.jpg",590,410,true]},"author_info":{"display_name":"Hal","author_link":"https:\/\/opinionpublica.com.ar\/index\/author\/hal\/"},"category_info":"<a href=\"https:\/\/opinionpublica.com.ar\/index\/category\/destacada\/\" rel=\"category tag\">Destacada<\/a> <a href=\"https:\/\/opinionpublica.com.ar\/index\/category\/politica\/\" rel=\"category tag\">Politica<\/a>","tag_info":"Politica","comment_count":"0","_links":{"self":[{"href":"https:\/\/opinionpublica.com.ar\/index\/wp-json\/wp\/v2\/posts\/12621","targetHints":{"allow":["GET"]}}],"collection":[{"href":"https:\/\/opinionpublica.com.ar\/index\/wp-json\/wp\/v2\/posts"}],"about":[{"href":"https:\/\/opinionpublica.com.ar\/index\/wp-json\/wp\/v2\/types\/post"}],"author":[{"embeddable":true,"href":"https:\/\/opinionpublica.com.ar\/index\/wp-json\/wp\/v2\/users\/5"}],"replies":[{"embeddable":true,"href":"https:\/\/opinionpublica.com.ar\/index\/wp-json\/wp\/v2\/comments?post=12621"}],"version-history":[{"count":2,"href":"https:\/\/opinionpublica.com.ar\/index\/wp-json\/wp\/v2\/posts\/12621\/revisions"}],"predecessor-version":[{"id":12624,"href":"https:\/\/opinionpublica.com.ar\/index\/wp-json\/wp\/v2\/posts\/12621\/revisions\/12624"}],"wp:featuredmedia":[{"embeddable":true,"href":"https:\/\/opinionpublica.com.ar\/index\/wp-json\/wp\/v2\/media\/12623"}],"wp:attachment":[{"href":"https:\/\/opinionpublica.com.ar\/index\/wp-json\/wp\/v2\/media?parent=12621"}],"wp:term":[{"taxonomy":"category","embeddable":true,"href":"https:\/\/opinionpublica.com.ar\/index\/wp-json\/wp\/v2\/categories?post=12621"},{"taxonomy":"post_tag","embeddable":true,"href":"https:\/\/opinionpublica.com.ar\/index\/wp-json\/wp\/v2\/tags?post=12621"}],"curies":[{"name":"wp","href":"https:\/\/api.w.org\/{rel}","templated":true}]}}