{"id":12632,"date":"2026-03-11T11:05:47","date_gmt":"2026-03-11T14:05:47","guid":{"rendered":"https:\/\/opinionpublica.com.ar\/index\/?p=12632"},"modified":"2026-03-11T11:05:47","modified_gmt":"2026-03-11T14:05:47","slug":"internas-en-el-pj-vuoto-y-perez-una-unidad-de-carton-frente-a-la-crisis","status":"publish","type":"post","link":"https:\/\/opinionpublica.com.ar\/index\/internas-en-el-pj-vuoto-y-perez-una-unidad-de-carton-frente-a-la-crisis\/","title":{"rendered":"Internas en el PJ: Vuoto y Perez, una unidad de cart\u00f3n frente a la crisis"},"content":{"rendered":"<h3>Internas en el PJ: Vuoto y Perez, una unidad de cart\u00f3n frente a la crisis<\/h3>\n<p><a href=\"https:\/\/opinionpublica.com.ar\/index\/wp-content\/uploads\/2024\/04\/martin-perez-walter-vuoto.jpg\"><img fetchpriority=\"high\" decoding=\"async\" class=\"alignnone size-full wp-image-2404\" src=\"https:\/\/opinionpublica.com.ar\/index\/wp-content\/uploads\/2024\/04\/martin-perez-walter-vuoto.jpg\" alt=\"\" width=\"1024\" height=\"682\" srcset=\"https:\/\/opinionpublica.com.ar\/index\/wp-content\/uploads\/2024\/04\/martin-perez-walter-vuoto.jpg 1024w, https:\/\/opinionpublica.com.ar\/index\/wp-content\/uploads\/2024\/04\/martin-perez-walter-vuoto-300x200.jpg 300w, https:\/\/opinionpublica.com.ar\/index\/wp-content\/uploads\/2024\/04\/martin-perez-walter-vuoto-768x512.jpg 768w\" sizes=\"(max-width: 1024px) 100vw, 1024px\" \/><\/a><\/p>\n<p>A pesar de la foto de \u00abunidad\u00bb en la apertura de sesiones, la interna entre los intendentes de Ushuaia y R\u00edo Grande sigue al rojo vivo. Fuentes cercanas admiten que la relaci\u00f3n entre Walter Vuoto y Mart\u00edn Perez es inexistente, limit\u00e1ndose a discursos compartidos contra el modelo nacional para ocultar sus propias falencias. En el medio, los vecinos padecen la falta de servicios y obras municipales que est\u00e1n frenadas por la guerra de egos pol\u00edticos.<\/p>\n<p>&nbsp;<\/p>\n","protected":false},"excerpt":{"rendered":"<p>Internas en el PJ: Vuoto y Perez, una unidad de cart\u00f3n frente a la crisis A pesar de<\/p>\n","protected":false},"author":5,"featured_media":2404,"comment_status":"open","ping_status":"open","sticky":false,"template":"","format":"standard","meta":{"footnotes":""},"categories":[27,2],"tags":[260,172,538],"class_list":["post-12632","post","type-post","status-publish","format-standard","has-post-thumbnail","hentry","category-politica","category-tierra-del-fuego","tag-martin-perez","tag-partido-justicialista","tag-walter-vuoto"],"featured_image_urls":{"full":["https:\/\/opinionpublica.com.ar\/index\/wp-content\/uploads\/2024\/04\/martin-perez-walter-vuoto.jpg",1024,682,false],"thumbnail":["https:\/\/opinionpublica.com.ar\/index\/wp-content\/uploads\/2024\/04\/martin-perez-walter-vuoto-150x150.jpg",150,150,true],"medium":["https:\/\/opinionpublica.com.ar\/index\/wp-content\/uploads\/2024\/04\/martin-perez-walter-vuoto-300x200.jpg",300,200,true],"medium_large":["https:\/\/opinionpublica.com.ar\/index\/wp-content\/uploads\/2024\/04\/martin-perez-walter-vuoto-768x512.jpg",640,427,true],"large":["https:\/\/opinionpublica.com.ar\/index\/wp-content\/uploads\/2024\/04\/martin-perez-walter-vuoto.jpg",640,426,false],"1536x1536":["https:\/\/opinionpublica.com.ar\/index\/wp-content\/uploads\/2024\/04\/martin-perez-walter-vuoto.jpg",1024,682,false],"2048x2048":["https:\/\/opinionpublica.com.ar\/index\/wp-content\/uploads\/2024\/04\/martin-perez-walter-vuoto.jpg",1024,682,false],"morenews-large":["https:\/\/opinionpublica.com.ar\/index\/wp-content\/uploads\/2024\/04\/martin-perez-walter-vuoto-825x575.jpg",825,575,true],"morenews-medium":["https:\/\/opinionpublica.com.ar\/index\/wp-content\/uploads\/2024\/04\/martin-perez-walter-vuoto-590x410.jpg",590,410,true]},"author_info":{"display_name":"Hal","author_link":"https:\/\/opinionpublica.com.ar\/index\/author\/hal\/"},"category_info":"<a href=\"https:\/\/opinionpublica.com.ar\/index\/category\/politica\/\" rel=\"category tag\">Politica<\/a> <a href=\"https:\/\/opinionpublica.com.ar\/index\/category\/tierra-del-fuego\/\" rel=\"category tag\">Tierra del Fuego<\/a>","tag_info":"Tierra del Fuego","comment_count":"0","_links":{"self":[{"href":"https:\/\/opinionpublica.com.ar\/index\/wp-json\/wp\/v2\/posts\/12632","targetHints":{"allow":["GET"]}}],"collection":[{"href":"https:\/\/opinionpublica.com.ar\/index\/wp-json\/wp\/v2\/posts"}],"about":[{"href":"https:\/\/opinionpublica.com.ar\/index\/wp-json\/wp\/v2\/types\/post"}],"author":[{"embeddable":true,"href":"https:\/\/opinionpublica.com.ar\/index\/wp-json\/wp\/v2\/users\/5"}],"replies":[{"embeddable":true,"href":"https:\/\/opinionpublica.com.ar\/index\/wp-json\/wp\/v2\/comments?post=12632"}],"version-history":[{"count":1,"href":"https:\/\/opinionpublica.com.ar\/index\/wp-json\/wp\/v2\/posts\/12632\/revisions"}],"predecessor-version":[{"id":12633,"href":"https:\/\/opinionpublica.com.ar\/index\/wp-json\/wp\/v2\/posts\/12632\/revisions\/12633"}],"wp:featuredmedia":[{"embeddable":true,"href":"https:\/\/opinionpublica.com.ar\/index\/wp-json\/wp\/v2\/media\/2404"}],"wp:attachment":[{"href":"https:\/\/opinionpublica.com.ar\/index\/wp-json\/wp\/v2\/media?parent=12632"}],"wp:term":[{"taxonomy":"category","embeddable":true,"href":"https:\/\/opinionpublica.com.ar\/index\/wp-json\/wp\/v2\/categories?post=12632"},{"taxonomy":"post_tag","embeddable":true,"href":"https:\/\/opinionpublica.com.ar\/index\/wp-json\/wp\/v2\/tags?post=12632"}],"curies":[{"name":"wp","href":"https:\/\/api.w.org\/{rel}","templated":true}]}}