{"id":12644,"date":"2026-03-13T15:11:10","date_gmt":"2026-03-13T18:11:10","guid":{"rendered":"https:\/\/opinionpublica.com.ar\/index\/?p=12644"},"modified":"2026-03-13T15:11:10","modified_gmt":"2026-03-13T18:11:10","slug":"nacional-el-gobierno-extiende-el-rigi-pero-tierra-del-fuego-queda-fuera-del-radar","status":"publish","type":"post","link":"https:\/\/opinionpublica.com.ar\/index\/nacional-el-gobierno-extiende-el-rigi-pero-tierra-del-fuego-queda-fuera-del-radar\/","title":{"rendered":"Nacional: El Gobierno extiende el RIGI pero Tierra del Fuego queda fuera del radar"},"content":{"rendered":"<h3>Nacional: El Gobierno extiende el RIGI pero Tierra del Fuego queda fuera del radar<\/h3>\n<p><a href=\"https:\/\/opinionpublica.com.ar\/index\/wp-content\/uploads\/2024\/03\/vaca-muerta.jpg\"><img fetchpriority=\"high\" decoding=\"async\" class=\"size-full wp-image-879\" src=\"https:\/\/opinionpublica.com.ar\/index\/wp-content\/uploads\/2024\/03\/vaca-muerta.jpg\" alt=\"\" width=\"1403\" height=\"693\" srcset=\"https:\/\/opinionpublica.com.ar\/index\/wp-content\/uploads\/2024\/03\/vaca-muerta.jpg 1403w, https:\/\/opinionpublica.com.ar\/index\/wp-content\/uploads\/2024\/03\/vaca-muerta-300x148.jpg 300w, https:\/\/opinionpublica.com.ar\/index\/wp-content\/uploads\/2024\/03\/vaca-muerta-1024x506.jpg 1024w, https:\/\/opinionpublica.com.ar\/index\/wp-content\/uploads\/2024\/03\/vaca-muerta-768x379.jpg 768w\" sizes=\"(max-width: 1403px) 100vw, 1403px\" \/><\/a><\/p>\n<p>A nivel nacional, el Gobierno extendi\u00f3 el R\u00e9gimen de Incentivo para Grandes Inversiones (RIGI), proyectando inversiones por m\u00e1s de 25 mil millones de d\u00f3lares. Sin embargo, Tierra del Fuego sigue fuera de las prioridades de inversi\u00f3n real por la inestabilidad jur\u00eddica y la falta de una propuesta seria de la gesti\u00f3n Melella. Mientras otras provincias captan capitales para miner\u00eda y energ\u00eda, nuestra isla sigue atada a un r\u00e9gimen industrial que el propio Melella admite que est\u00e1 \u00abgolpeado\u00bb.<\/p>\n","protected":false},"excerpt":{"rendered":"<p>Nacional: El Gobierno extiende el RIGI pero Tierra del Fuego queda fuera del radar A nivel nacional, el<\/p>\n","protected":false},"author":5,"featured_media":879,"comment_status":"open","ping_status":"open","sticky":false,"template":"","format":"standard","meta":{"footnotes":""},"categories":[3,2],"tags":[1915],"class_list":["post-12644","post","type-post","status-publish","format-standard","has-post-thumbnail","hentry","category-nacionales","category-tierra-del-fuego","tag-rigi"],"featured_image_urls":{"full":["https:\/\/opinionpublica.com.ar\/index\/wp-content\/uploads\/2024\/03\/vaca-muerta.jpg",1403,693,false],"thumbnail":["https:\/\/opinionpublica.com.ar\/index\/wp-content\/uploads\/2024\/03\/vaca-muerta-150x150.jpg",150,150,true],"medium":["https:\/\/opinionpublica.com.ar\/index\/wp-content\/uploads\/2024\/03\/vaca-muerta-300x148.jpg",300,148,true],"medium_large":["https:\/\/opinionpublica.com.ar\/index\/wp-content\/uploads\/2024\/03\/vaca-muerta-768x379.jpg",640,316,true],"large":["https:\/\/opinionpublica.com.ar\/index\/wp-content\/uploads\/2024\/03\/vaca-muerta-1024x506.jpg",640,316,true],"1536x1536":["https:\/\/opinionpublica.com.ar\/index\/wp-content\/uploads\/2024\/03\/vaca-muerta.jpg",1403,693,false],"2048x2048":["https:\/\/opinionpublica.com.ar\/index\/wp-content\/uploads\/2024\/03\/vaca-muerta.jpg",1403,693,false],"morenews-large":["https:\/\/opinionpublica.com.ar\/index\/wp-content\/uploads\/2024\/03\/vaca-muerta-825x575.jpg",825,575,true],"morenews-medium":["https:\/\/opinionpublica.com.ar\/index\/wp-content\/uploads\/2024\/03\/vaca-muerta-590x410.jpg",590,410,true]},"author_info":{"display_name":"Hal","author_link":"https:\/\/opinionpublica.com.ar\/index\/author\/hal\/"},"category_info":"<a href=\"https:\/\/opinionpublica.com.ar\/index\/category\/nacionales\/\" rel=\"category tag\">Nacionales<\/a> <a href=\"https:\/\/opinionpublica.com.ar\/index\/category\/tierra-del-fuego\/\" rel=\"category tag\">Tierra del Fuego<\/a>","tag_info":"Tierra del Fuego","comment_count":"0","_links":{"self":[{"href":"https:\/\/opinionpublica.com.ar\/index\/wp-json\/wp\/v2\/posts\/12644","targetHints":{"allow":["GET"]}}],"collection":[{"href":"https:\/\/opinionpublica.com.ar\/index\/wp-json\/wp\/v2\/posts"}],"about":[{"href":"https:\/\/opinionpublica.com.ar\/index\/wp-json\/wp\/v2\/types\/post"}],"author":[{"embeddable":true,"href":"https:\/\/opinionpublica.com.ar\/index\/wp-json\/wp\/v2\/users\/5"}],"replies":[{"embeddable":true,"href":"https:\/\/opinionpublica.com.ar\/index\/wp-json\/wp\/v2\/comments?post=12644"}],"version-history":[{"count":10,"href":"https:\/\/opinionpublica.com.ar\/index\/wp-json\/wp\/v2\/posts\/12644\/revisions"}],"predecessor-version":[{"id":12671,"href":"https:\/\/opinionpublica.com.ar\/index\/wp-json\/wp\/v2\/posts\/12644\/revisions\/12671"}],"wp:featuredmedia":[{"embeddable":true,"href":"https:\/\/opinionpublica.com.ar\/index\/wp-json\/wp\/v2\/media\/879"}],"wp:attachment":[{"href":"https:\/\/opinionpublica.com.ar\/index\/wp-json\/wp\/v2\/media?parent=12644"}],"wp:term":[{"taxonomy":"category","embeddable":true,"href":"https:\/\/opinionpublica.com.ar\/index\/wp-json\/wp\/v2\/categories?post=12644"},{"taxonomy":"post_tag","embeddable":true,"href":"https:\/\/opinionpublica.com.ar\/index\/wp-json\/wp\/v2\/tags?post=12644"}],"curies":[{"name":"wp","href":"https:\/\/api.w.org\/{rel}","templated":true}]}}