{"id":12647,"date":"2026-03-13T09:13:11","date_gmt":"2026-03-13T12:13:11","guid":{"rendered":"https:\/\/opinionpublica.com.ar\/index\/?p=12647"},"modified":"2026-03-13T09:13:11","modified_gmt":"2026-03-13T12:13:11","slug":"industria-en-caida-libre-el-fin-del-regimen-textil-como-lo-conociamos","status":"publish","type":"post","link":"https:\/\/opinionpublica.com.ar\/index\/industria-en-caida-libre-el-fin-del-regimen-textil-como-lo-conociamos\/","title":{"rendered":"Industria en ca\u00edda libre: El fin del r\u00e9gimen textil como lo conoc\u00edamos"},"content":{"rendered":"<h3>Industria en ca\u00edda libre: El fin del r\u00e9gimen textil como lo conoc\u00edamos<\/h3>\n<p>La crisis industrial en Tierra del Fuego ya no es una amenaza, es una realidad irreversible que la gesti\u00f3n de Melella no logra frenar.<\/p>\n<p><a href=\"https:\/\/opinionpublica.com.ar\/index\/wp-content\/uploads\/2025\/08\/fabrisur-768x432-textil.jpg\"><img fetchpriority=\"high\" decoding=\"async\" class=\"alignnone size-full wp-image-10568\" src=\"https:\/\/opinionpublica.com.ar\/index\/wp-content\/uploads\/2025\/08\/fabrisur-768x432-textil.jpg\" alt=\"\" width=\"768\" height=\"432\" srcset=\"https:\/\/opinionpublica.com.ar\/index\/wp-content\/uploads\/2025\/08\/fabrisur-768x432-textil.jpg 768w, https:\/\/opinionpublica.com.ar\/index\/wp-content\/uploads\/2025\/08\/fabrisur-768x432-textil-300x169.jpg 300w\" sizes=\"(max-width: 768px) 100vw, 768px\" \/><\/a><\/p>\n<p>En los \u00faltimos tres a\u00f1os, cinco f\u00e1bricas textiles cerraron sus puertas, dejando a cientos de familias en la calle. Mientras el Gobierno Provincial se deshace en promesas de \u00abtransformaci\u00f3n\u00bb, la realidad es que solo quedan dos plantas en pie. La falta de competitividad y la apertura de importaciones est\u00e1n liquidando el empleo local ante la mirada pasiva de un Ejecutivo que parece haber perdido la br\u00fajula econ\u00f3mica.<\/p>\n","protected":false},"excerpt":{"rendered":"<p>Industria en ca\u00edda libre: El fin del r\u00e9gimen textil como lo conoc\u00edamos La crisis industrial en Tierra del<\/p>\n","protected":false},"author":5,"featured_media":10568,"comment_status":"open","ping_status":"open","sticky":false,"template":"","format":"standard","meta":{"footnotes":""},"categories":[25],"tags":[2327],"class_list":["post-12647","post","type-post","status-publish","format-standard","has-post-thumbnail","hentry","category-rio-grande","tag-crisis-textil"],"featured_image_urls":{"full":["https:\/\/opinionpublica.com.ar\/index\/wp-content\/uploads\/2025\/08\/fabrisur-768x432-textil.jpg",768,432,false],"thumbnail":["https:\/\/opinionpublica.com.ar\/index\/wp-content\/uploads\/2025\/08\/fabrisur-768x432-textil-150x150.jpg",150,150,true],"medium":["https:\/\/opinionpublica.com.ar\/index\/wp-content\/uploads\/2025\/08\/fabrisur-768x432-textil-300x169.jpg",300,169,true],"medium_large":["https:\/\/opinionpublica.com.ar\/index\/wp-content\/uploads\/2025\/08\/fabrisur-768x432-textil.jpg",640,360,false],"large":["https:\/\/opinionpublica.com.ar\/index\/wp-content\/uploads\/2025\/08\/fabrisur-768x432-textil.jpg",640,360,false],"1536x1536":["https:\/\/opinionpublica.com.ar\/index\/wp-content\/uploads\/2025\/08\/fabrisur-768x432-textil.jpg",768,432,false],"2048x2048":["https:\/\/opinionpublica.com.ar\/index\/wp-content\/uploads\/2025\/08\/fabrisur-768x432-textil.jpg",768,432,false],"morenews-large":["https:\/\/opinionpublica.com.ar\/index\/wp-content\/uploads\/2025\/08\/fabrisur-768x432-textil.jpg",768,432,false],"morenews-medium":["https:\/\/opinionpublica.com.ar\/index\/wp-content\/uploads\/2025\/08\/fabrisur-768x432-textil-590x410.jpg",590,410,true]},"author_info":{"display_name":"Hal","author_link":"https:\/\/opinionpublica.com.ar\/index\/author\/hal\/"},"category_info":"<a href=\"https:\/\/opinionpublica.com.ar\/index\/category\/rio-grande\/\" rel=\"category tag\">Rio Grande<\/a>","tag_info":"Rio Grande","comment_count":"0","_links":{"self":[{"href":"https:\/\/opinionpublica.com.ar\/index\/wp-json\/wp\/v2\/posts\/12647","targetHints":{"allow":["GET"]}}],"collection":[{"href":"https:\/\/opinionpublica.com.ar\/index\/wp-json\/wp\/v2\/posts"}],"about":[{"href":"https:\/\/opinionpublica.com.ar\/index\/wp-json\/wp\/v2\/types\/post"}],"author":[{"embeddable":true,"href":"https:\/\/opinionpublica.com.ar\/index\/wp-json\/wp\/v2\/users\/5"}],"replies":[{"embeddable":true,"href":"https:\/\/opinionpublica.com.ar\/index\/wp-json\/wp\/v2\/comments?post=12647"}],"version-history":[{"count":1,"href":"https:\/\/opinionpublica.com.ar\/index\/wp-json\/wp\/v2\/posts\/12647\/revisions"}],"predecessor-version":[{"id":12648,"href":"https:\/\/opinionpublica.com.ar\/index\/wp-json\/wp\/v2\/posts\/12647\/revisions\/12648"}],"wp:featuredmedia":[{"embeddable":true,"href":"https:\/\/opinionpublica.com.ar\/index\/wp-json\/wp\/v2\/media\/10568"}],"wp:attachment":[{"href":"https:\/\/opinionpublica.com.ar\/index\/wp-json\/wp\/v2\/media?parent=12647"}],"wp:term":[{"taxonomy":"category","embeddable":true,"href":"https:\/\/opinionpublica.com.ar\/index\/wp-json\/wp\/v2\/categories?post=12647"},{"taxonomy":"post_tag","embeddable":true,"href":"https:\/\/opinionpublica.com.ar\/index\/wp-json\/wp\/v2\/tags?post=12647"}],"curies":[{"name":"wp","href":"https:\/\/api.w.org\/{rel}","templated":true}]}}