{"id":12653,"date":"2026-03-13T09:27:49","date_gmt":"2026-03-13T12:27:49","guid":{"rendered":"https:\/\/opinionpublica.com.ar\/index\/?p=12653"},"modified":"2026-03-13T09:27:49","modified_gmt":"2026-03-13T12:27:49","slug":"el-bano-de-realidad-de-melella-un-reconocimiento-del-fracaso-financiero","status":"publish","type":"post","link":"https:\/\/opinionpublica.com.ar\/index\/el-bano-de-realidad-de-melella-un-reconocimiento-del-fracaso-financiero\/","title":{"rendered":"El \u00abba\u00f1o de realidad\u00bb de Melella: Un reconocimiento del fracaso financiero"},"content":{"rendered":"<h3>El \u00abba\u00f1o de realidad\u00bb de Melella: Un reconocimiento del fracaso financiero<\/h3>\n<p><a href=\"https:\/\/opinionpublica.com.ar\/index\/wp-content\/uploads\/2024\/05\/gustavo-melella-1.jpg\"><img fetchpriority=\"high\" decoding=\"async\" class=\"alignnone size-full wp-image-3114\" src=\"https:\/\/opinionpublica.com.ar\/index\/wp-content\/uploads\/2024\/05\/gustavo-melella-1.jpg\" alt=\"\" width=\"900\" height=\"640\" srcset=\"https:\/\/opinionpublica.com.ar\/index\/wp-content\/uploads\/2024\/05\/gustavo-melella-1.jpg 900w, https:\/\/opinionpublica.com.ar\/index\/wp-content\/uploads\/2024\/05\/gustavo-melella-1-300x213.jpg 300w, https:\/\/opinionpublica.com.ar\/index\/wp-content\/uploads\/2024\/05\/gustavo-melella-1-768x546.jpg 768w\" sizes=\"(max-width: 900px) 100vw, 900px\" \/><\/a><\/p>\n<p>El Gobernador Gustavo Melella admiti\u00f3 ante los gremios que las finanzas provinciales est\u00e1n en rojo. Con una ca\u00edda del 9% en la coparticipaci\u00f3n y un derrumbe en la recaudaci\u00f3n propia, el Ejecutivo provincial se muestra incapaz de sostener el ritmo. Lo que el Gobierno llama \u00abcomplejo escenario nacional\u00bb, para la oposici\u00f3n es una clara muestra de la falta de previsi\u00f3n y de un fondo de emergencia inexistente. Sin recursos y sin plan B, la provincia navega a la deriva.<\/p>\n","protected":false},"excerpt":{"rendered":"<p>El \u00abba\u00f1o de realidad\u00bb de Melella: Un reconocimiento del fracaso financiero El Gobernador Gustavo Melella admiti\u00f3 ante los<\/p>\n","protected":false},"author":5,"featured_media":3114,"comment_status":"open","ping_status":"open","sticky":false,"template":"","format":"standard","meta":{"footnotes":""},"categories":[2],"tags":[4170,1266,134],"class_list":["post-12653","post","type-post","status-publish","format-standard","has-post-thumbnail","hentry","category-tierra-del-fuego","tag-baja-coparticipacion","tag-crisis-financiera","tag-gustavo-melella"],"featured_image_urls":{"full":["https:\/\/opinionpublica.com.ar\/index\/wp-content\/uploads\/2024\/05\/gustavo-melella-1.jpg",900,640,false],"thumbnail":["https:\/\/opinionpublica.com.ar\/index\/wp-content\/uploads\/2024\/05\/gustavo-melella-1-150x150.jpg",150,150,true],"medium":["https:\/\/opinionpublica.com.ar\/index\/wp-content\/uploads\/2024\/05\/gustavo-melella-1-300x213.jpg",300,213,true],"medium_large":["https:\/\/opinionpublica.com.ar\/index\/wp-content\/uploads\/2024\/05\/gustavo-melella-1-768x546.jpg",640,455,true],"large":["https:\/\/opinionpublica.com.ar\/index\/wp-content\/uploads\/2024\/05\/gustavo-melella-1.jpg",640,455,false],"1536x1536":["https:\/\/opinionpublica.com.ar\/index\/wp-content\/uploads\/2024\/05\/gustavo-melella-1.jpg",900,640,false],"2048x2048":["https:\/\/opinionpublica.com.ar\/index\/wp-content\/uploads\/2024\/05\/gustavo-melella-1.jpg",900,640,false],"morenews-large":["https:\/\/opinionpublica.com.ar\/index\/wp-content\/uploads\/2024\/05\/gustavo-melella-1-825x575.jpg",825,575,true],"morenews-medium":["https:\/\/opinionpublica.com.ar\/index\/wp-content\/uploads\/2024\/05\/gustavo-melella-1-590x410.jpg",590,410,true]},"author_info":{"display_name":"Hal","author_link":"https:\/\/opinionpublica.com.ar\/index\/author\/hal\/"},"category_info":"<a href=\"https:\/\/opinionpublica.com.ar\/index\/category\/tierra-del-fuego\/\" rel=\"category tag\">Tierra del Fuego<\/a>","tag_info":"Tierra del Fuego","comment_count":"0","_links":{"self":[{"href":"https:\/\/opinionpublica.com.ar\/index\/wp-json\/wp\/v2\/posts\/12653","targetHints":{"allow":["GET"]}}],"collection":[{"href":"https:\/\/opinionpublica.com.ar\/index\/wp-json\/wp\/v2\/posts"}],"about":[{"href":"https:\/\/opinionpublica.com.ar\/index\/wp-json\/wp\/v2\/types\/post"}],"author":[{"embeddable":true,"href":"https:\/\/opinionpublica.com.ar\/index\/wp-json\/wp\/v2\/users\/5"}],"replies":[{"embeddable":true,"href":"https:\/\/opinionpublica.com.ar\/index\/wp-json\/wp\/v2\/comments?post=12653"}],"version-history":[{"count":1,"href":"https:\/\/opinionpublica.com.ar\/index\/wp-json\/wp\/v2\/posts\/12653\/revisions"}],"predecessor-version":[{"id":12654,"href":"https:\/\/opinionpublica.com.ar\/index\/wp-json\/wp\/v2\/posts\/12653\/revisions\/12654"}],"wp:featuredmedia":[{"embeddable":true,"href":"https:\/\/opinionpublica.com.ar\/index\/wp-json\/wp\/v2\/media\/3114"}],"wp:attachment":[{"href":"https:\/\/opinionpublica.com.ar\/index\/wp-json\/wp\/v2\/media?parent=12653"}],"wp:term":[{"taxonomy":"category","embeddable":true,"href":"https:\/\/opinionpublica.com.ar\/index\/wp-json\/wp\/v2\/categories?post=12653"},{"taxonomy":"post_tag","embeddable":true,"href":"https:\/\/opinionpublica.com.ar\/index\/wp-json\/wp\/v2\/tags?post=12653"}],"curies":[{"name":"wp","href":"https:\/\/api.w.org\/{rel}","templated":true}]}}