{"id":12677,"date":"2026-03-16T10:54:41","date_gmt":"2026-03-16T13:54:41","guid":{"rendered":"https:\/\/opinionpublica.com.ar\/index\/?p=12677"},"modified":"2026-03-16T10:54:41","modified_gmt":"2026-03-16T13:54:41","slug":"colapso-sanitario-16-mil-fueguinos-sin-obra-social-saturan-un-sistema-publico-desbordado","status":"publish","type":"post","link":"https:\/\/opinionpublica.com.ar\/index\/colapso-sanitario-16-mil-fueguinos-sin-obra-social-saturan-un-sistema-publico-desbordado\/","title":{"rendered":"Colapso Sanitario: 16 mil fueguinos sin obra social saturan un sistema p\u00fablico desbordado"},"content":{"rendered":"<h3>Colapso Sanitario: 16 mil fueguinos sin obra social saturan un sistema p\u00fablico desbordado<\/h3>\n<p><a href=\"https:\/\/opinionpublica.com.ar\/index\/wp-content\/uploads\/2025\/10\/20250930225824_hospital-modular-r23.jpg\"><img fetchpriority=\"high\" decoding=\"async\" class=\"alignnone size-full wp-image-11291\" src=\"https:\/\/opinionpublica.com.ar\/index\/wp-content\/uploads\/2025\/10\/20250930225824_hospital-modular-r23.jpg\" alt=\"\" width=\"880\" height=\"512\" srcset=\"https:\/\/opinionpublica.com.ar\/index\/wp-content\/uploads\/2025\/10\/20250930225824_hospital-modular-r23.jpg 880w, https:\/\/opinionpublica.com.ar\/index\/wp-content\/uploads\/2025\/10\/20250930225824_hospital-modular-r23-300x175.jpg 300w, https:\/\/opinionpublica.com.ar\/index\/wp-content\/uploads\/2025\/10\/20250930225824_hospital-modular-r23-768x447.jpg 768w\" sizes=\"(max-width: 880px) 100vw, 880px\" \/><\/a><\/p>\n<p>El ajuste no perdona. En las \u00faltimas reuniones con gremios, el Gobierno provincial admiti\u00f3 que m\u00e1s de 16.000 fueguinos perdieron su cobertura m\u00e9dica privada y se volcaron en masa al sistema de salud p\u00fablica. Este flujo masivo ocurre en un momento de ca\u00edda estrepitosa de recursos, dejando a los hospitales sin insumos b\u00e1sicos y con guardias colapsadas. La gesti\u00f3n sanitaria de la provincia no tiene respuesta para una crisis que ya se cobra la calidad de vida de los sectores m\u00e1s vulnerables.<\/p>\n<p>&nbsp;<\/p>\n","protected":false},"excerpt":{"rendered":"<p>Colapso Sanitario: 16 mil fueguinos sin obra social saturan un sistema p\u00fablico desbordado El ajuste no perdona. En<\/p>\n","protected":false},"author":5,"featured_media":11291,"comment_status":"open","ping_status":"open","sticky":false,"template":"","format":"standard","meta":{"footnotes":""},"categories":[2],"tags":[4174,880],"class_list":["post-12677","post","type-post","status-publish","format-standard","has-post-thumbnail","hentry","category-tierra-del-fuego","tag-colapso-sanitario","tag-obra-social"],"featured_image_urls":{"full":["https:\/\/opinionpublica.com.ar\/index\/wp-content\/uploads\/2025\/10\/20250930225824_hospital-modular-r23.jpg",880,512,false],"thumbnail":["https:\/\/opinionpublica.com.ar\/index\/wp-content\/uploads\/2025\/10\/20250930225824_hospital-modular-r23-150x150.jpg",150,150,true],"medium":["https:\/\/opinionpublica.com.ar\/index\/wp-content\/uploads\/2025\/10\/20250930225824_hospital-modular-r23-300x175.jpg",300,175,true],"medium_large":["https:\/\/opinionpublica.com.ar\/index\/wp-content\/uploads\/2025\/10\/20250930225824_hospital-modular-r23-768x447.jpg",640,373,true],"large":["https:\/\/opinionpublica.com.ar\/index\/wp-content\/uploads\/2025\/10\/20250930225824_hospital-modular-r23.jpg",640,372,false],"1536x1536":["https:\/\/opinionpublica.com.ar\/index\/wp-content\/uploads\/2025\/10\/20250930225824_hospital-modular-r23.jpg",880,512,false],"2048x2048":["https:\/\/opinionpublica.com.ar\/index\/wp-content\/uploads\/2025\/10\/20250930225824_hospital-modular-r23.jpg",880,512,false],"morenews-large":["https:\/\/opinionpublica.com.ar\/index\/wp-content\/uploads\/2025\/10\/20250930225824_hospital-modular-r23-825x512.jpg",825,512,true],"morenews-medium":["https:\/\/opinionpublica.com.ar\/index\/wp-content\/uploads\/2025\/10\/20250930225824_hospital-modular-r23-590x410.jpg",590,410,true]},"author_info":{"display_name":"Hal","author_link":"https:\/\/opinionpublica.com.ar\/index\/author\/hal\/"},"category_info":"<a href=\"https:\/\/opinionpublica.com.ar\/index\/category\/tierra-del-fuego\/\" rel=\"category tag\">Tierra del Fuego<\/a>","tag_info":"Tierra del Fuego","comment_count":"0","_links":{"self":[{"href":"https:\/\/opinionpublica.com.ar\/index\/wp-json\/wp\/v2\/posts\/12677","targetHints":{"allow":["GET"]}}],"collection":[{"href":"https:\/\/opinionpublica.com.ar\/index\/wp-json\/wp\/v2\/posts"}],"about":[{"href":"https:\/\/opinionpublica.com.ar\/index\/wp-json\/wp\/v2\/types\/post"}],"author":[{"embeddable":true,"href":"https:\/\/opinionpublica.com.ar\/index\/wp-json\/wp\/v2\/users\/5"}],"replies":[{"embeddable":true,"href":"https:\/\/opinionpublica.com.ar\/index\/wp-json\/wp\/v2\/comments?post=12677"}],"version-history":[{"count":1,"href":"https:\/\/opinionpublica.com.ar\/index\/wp-json\/wp\/v2\/posts\/12677\/revisions"}],"predecessor-version":[{"id":12678,"href":"https:\/\/opinionpublica.com.ar\/index\/wp-json\/wp\/v2\/posts\/12677\/revisions\/12678"}],"wp:featuredmedia":[{"embeddable":true,"href":"https:\/\/opinionpublica.com.ar\/index\/wp-json\/wp\/v2\/media\/11291"}],"wp:attachment":[{"href":"https:\/\/opinionpublica.com.ar\/index\/wp-json\/wp\/v2\/media?parent=12677"}],"wp:term":[{"taxonomy":"category","embeddable":true,"href":"https:\/\/opinionpublica.com.ar\/index\/wp-json\/wp\/v2\/categories?post=12677"},{"taxonomy":"post_tag","embeddable":true,"href":"https:\/\/opinionpublica.com.ar\/index\/wp-json\/wp\/v2\/tags?post=12677"}],"curies":[{"name":"wp","href":"https:\/\/api.w.org\/{rel}","templated":true}]}}