{"id":12680,"date":"2026-03-16T11:00:52","date_gmt":"2026-03-16T14:00:52","guid":{"rendered":"https:\/\/opinionpublica.com.ar\/index\/?p=12680"},"modified":"2026-03-16T11:00:52","modified_gmt":"2026-03-16T14:00:52","slug":"el-bolsillo-no-aguanta-segundo-aumento-de-combustibles-en-menos-de-dos-semanas","status":"publish","type":"post","link":"https:\/\/opinionpublica.com.ar\/index\/el-bolsillo-no-aguanta-segundo-aumento-de-combustibles-en-menos-de-dos-semanas\/","title":{"rendered":"El bolsillo no aguanta: Segundo aumento de combustibles en menos de dos semanas"},"content":{"rendered":"<h3>El bolsillo no aguanta: Segundo aumento de combustibles en menos de dos semanas<\/h3>\n<p><a href=\"https:\/\/opinionpublica.com.ar\/index\/wp-content\/uploads\/2024\/04\/ypf-estacion-de-servicio.jpg\"><img fetchpriority=\"high\" decoding=\"async\" class=\"alignnone size-full wp-image-2571\" src=\"https:\/\/opinionpublica.com.ar\/index\/wp-content\/uploads\/2024\/04\/ypf-estacion-de-servicio.jpg\" alt=\"\" width=\"1200\" height=\"630\" srcset=\"https:\/\/opinionpublica.com.ar\/index\/wp-content\/uploads\/2024\/04\/ypf-estacion-de-servicio.jpg 1200w, https:\/\/opinionpublica.com.ar\/index\/wp-content\/uploads\/2024\/04\/ypf-estacion-de-servicio-300x158.jpg 300w, https:\/\/opinionpublica.com.ar\/index\/wp-content\/uploads\/2024\/04\/ypf-estacion-de-servicio-1024x538.jpg 1024w, https:\/\/opinionpublica.com.ar\/index\/wp-content\/uploads\/2024\/04\/ypf-estacion-de-servicio-768x403.jpg 768w\" sizes=\"(max-width: 1200px) 100vw, 1200px\" \/><\/a><\/p>\n<p>Vivir en el fin del mundo es cada vez m\u00e1s caro. Las estaciones de servicio de Tierra del Fuego amanecieron con nuevos precios, marcando el segundo incremento en lo que va de marzo. La nafta s\u00faper ya super\u00f3 la barrera de los $1.400, arrastrando con ella los costos de log\u00edstica y, por ende, el precio de los alimentos. Mientras los salarios siguen congelados o en paritarias interminables, el costo de movilidad se vuelve prohibitivo para el trabajador promedio.<\/p>\n","protected":false},"excerpt":{"rendered":"<p>El bolsillo no aguanta: Segundo aumento de combustibles en menos de dos semanas Vivir en el fin del<\/p>\n","protected":false},"author":5,"featured_media":2571,"comment_status":"open","ping_status":"open","sticky":false,"template":"","format":"standard","meta":{"footnotes":""},"categories":[2],"tags":[4175],"class_list":["post-12680","post","type-post","status-publish","format-standard","has-post-thumbnail","hentry","category-tierra-del-fuego","tag-aumento-naftas"],"featured_image_urls":{"full":["https:\/\/opinionpublica.com.ar\/index\/wp-content\/uploads\/2024\/04\/ypf-estacion-de-servicio.jpg",1200,630,false],"thumbnail":["https:\/\/opinionpublica.com.ar\/index\/wp-content\/uploads\/2024\/04\/ypf-estacion-de-servicio-150x150.jpg",150,150,true],"medium":["https:\/\/opinionpublica.com.ar\/index\/wp-content\/uploads\/2024\/04\/ypf-estacion-de-servicio-300x158.jpg",300,158,true],"medium_large":["https:\/\/opinionpublica.com.ar\/index\/wp-content\/uploads\/2024\/04\/ypf-estacion-de-servicio-768x403.jpg",640,336,true],"large":["https:\/\/opinionpublica.com.ar\/index\/wp-content\/uploads\/2024\/04\/ypf-estacion-de-servicio-1024x538.jpg",640,336,true],"1536x1536":["https:\/\/opinionpublica.com.ar\/index\/wp-content\/uploads\/2024\/04\/ypf-estacion-de-servicio.jpg",1200,630,false],"2048x2048":["https:\/\/opinionpublica.com.ar\/index\/wp-content\/uploads\/2024\/04\/ypf-estacion-de-servicio.jpg",1200,630,false],"morenews-large":["https:\/\/opinionpublica.com.ar\/index\/wp-content\/uploads\/2024\/04\/ypf-estacion-de-servicio-825x575.jpg",825,575,true],"morenews-medium":["https:\/\/opinionpublica.com.ar\/index\/wp-content\/uploads\/2024\/04\/ypf-estacion-de-servicio-590x410.jpg",590,410,true]},"author_info":{"display_name":"Hal","author_link":"https:\/\/opinionpublica.com.ar\/index\/author\/hal\/"},"category_info":"<a href=\"https:\/\/opinionpublica.com.ar\/index\/category\/tierra-del-fuego\/\" rel=\"category tag\">Tierra del Fuego<\/a>","tag_info":"Tierra del Fuego","comment_count":"0","_links":{"self":[{"href":"https:\/\/opinionpublica.com.ar\/index\/wp-json\/wp\/v2\/posts\/12680","targetHints":{"allow":["GET"]}}],"collection":[{"href":"https:\/\/opinionpublica.com.ar\/index\/wp-json\/wp\/v2\/posts"}],"about":[{"href":"https:\/\/opinionpublica.com.ar\/index\/wp-json\/wp\/v2\/types\/post"}],"author":[{"embeddable":true,"href":"https:\/\/opinionpublica.com.ar\/index\/wp-json\/wp\/v2\/users\/5"}],"replies":[{"embeddable":true,"href":"https:\/\/opinionpublica.com.ar\/index\/wp-json\/wp\/v2\/comments?post=12680"}],"version-history":[{"count":1,"href":"https:\/\/opinionpublica.com.ar\/index\/wp-json\/wp\/v2\/posts\/12680\/revisions"}],"predecessor-version":[{"id":12681,"href":"https:\/\/opinionpublica.com.ar\/index\/wp-json\/wp\/v2\/posts\/12680\/revisions\/12681"}],"wp:featuredmedia":[{"embeddable":true,"href":"https:\/\/opinionpublica.com.ar\/index\/wp-json\/wp\/v2\/media\/2571"}],"wp:attachment":[{"href":"https:\/\/opinionpublica.com.ar\/index\/wp-json\/wp\/v2\/media?parent=12680"}],"wp:term":[{"taxonomy":"category","embeddable":true,"href":"https:\/\/opinionpublica.com.ar\/index\/wp-json\/wp\/v2\/categories?post=12680"},{"taxonomy":"post_tag","embeddable":true,"href":"https:\/\/opinionpublica.com.ar\/index\/wp-json\/wp\/v2\/tags?post=12680"}],"curies":[{"name":"wp","href":"https:\/\/api.w.org\/{rel}","templated":true}]}}