{"id":12683,"date":"2026-03-16T12:42:33","date_gmt":"2026-03-16T15:42:33","guid":{"rendered":"https:\/\/opinionpublica.com.ar\/index\/?p=12683"},"modified":"2026-03-16T12:42:33","modified_gmt":"2026-03-16T15:42:33","slug":"desindustrializacion-en-marcha-140-puestos-de-trabajo-en-riesgo-y-conflicto-gremial","status":"publish","type":"post","link":"https:\/\/opinionpublica.com.ar\/index\/desindustrializacion-en-marcha-140-puestos-de-trabajo-en-riesgo-y-conflicto-gremial\/","title":{"rendered":"Desindustrializaci\u00f3n en marcha: 140 puestos de trabajo en riesgo y conflicto gremial"},"content":{"rendered":"<h3>Desindustrializaci\u00f3n en marcha: 140 puestos de trabajo en riesgo y conflicto gremial<\/h3>\n<p><a href=\"https:\/\/opinionpublica.com.ar\/index\/wp-content\/uploads\/2024\/05\/fabrica-electronica.jpg\"><img fetchpriority=\"high\" decoding=\"async\" class=\"alignnone size-full wp-image-3106\" src=\"https:\/\/opinionpublica.com.ar\/index\/wp-content\/uploads\/2024\/05\/fabrica-electronica.jpg\" alt=\"\" width=\"1024\" height=\"576\" srcset=\"https:\/\/opinionpublica.com.ar\/index\/wp-content\/uploads\/2024\/05\/fabrica-electronica.jpg 1024w, https:\/\/opinionpublica.com.ar\/index\/wp-content\/uploads\/2024\/05\/fabrica-electronica-300x169.jpg 300w, https:\/\/opinionpublica.com.ar\/index\/wp-content\/uploads\/2024\/05\/fabrica-electronica-768x432.jpg 768w\" sizes=\"(max-width: 1024px) 100vw, 1024px\" \/><\/a><br \/>\nEl fantasma de los despidos vuelve a sobrevolar las f\u00e1bricas. Un conflicto testigo pone en riesgo 140 puestos de trabajo directos, marcando lo que muchos analistas ven como el inicio de un proceso de desindustrializaci\u00f3n acelerado. El Frente de Sindicatos Unidos ya inici\u00f3 medidas de fuerza ante la inacci\u00f3n de un Ministerio de Trabajo que parece m\u00e1s preocupado por las fotos oficiales que por defender el empleo genuino en R\u00edo Grande y Ushuaia.<\/p>\n","protected":false},"excerpt":{"rendered":"<p>Desindustrializaci\u00f3n en marcha: 140 puestos de trabajo en riesgo y conflicto gremial El fantasma de los despidos vuelve<\/p>\n","protected":false},"author":5,"featured_media":3106,"comment_status":"open","ping_status":"open","sticky":false,"template":"","format":"standard","meta":{"footnotes":""},"categories":[2],"tags":[4161,1458],"class_list":["post-12683","post","type-post","status-publish","format-standard","has-post-thumbnail","hentry","category-tierra-del-fuego","tag-crisis-laboral","tag-desempleo"],"featured_image_urls":{"full":["https:\/\/opinionpublica.com.ar\/index\/wp-content\/uploads\/2024\/05\/fabrica-electronica.jpg",1024,576,false],"thumbnail":["https:\/\/opinionpublica.com.ar\/index\/wp-content\/uploads\/2024\/05\/fabrica-electronica-150x150.jpg",150,150,true],"medium":["https:\/\/opinionpublica.com.ar\/index\/wp-content\/uploads\/2024\/05\/fabrica-electronica-300x169.jpg",300,169,true],"medium_large":["https:\/\/opinionpublica.com.ar\/index\/wp-content\/uploads\/2024\/05\/fabrica-electronica-768x432.jpg",640,360,true],"large":["https:\/\/opinionpublica.com.ar\/index\/wp-content\/uploads\/2024\/05\/fabrica-electronica.jpg",640,360,false],"1536x1536":["https:\/\/opinionpublica.com.ar\/index\/wp-content\/uploads\/2024\/05\/fabrica-electronica.jpg",1024,576,false],"2048x2048":["https:\/\/opinionpublica.com.ar\/index\/wp-content\/uploads\/2024\/05\/fabrica-electronica.jpg",1024,576,false],"morenews-large":["https:\/\/opinionpublica.com.ar\/index\/wp-content\/uploads\/2024\/05\/fabrica-electronica-825x575.jpg",825,575,true],"morenews-medium":["https:\/\/opinionpublica.com.ar\/index\/wp-content\/uploads\/2024\/05\/fabrica-electronica-590x410.jpg",590,410,true]},"author_info":{"display_name":"Hal","author_link":"https:\/\/opinionpublica.com.ar\/index\/author\/hal\/"},"category_info":"<a href=\"https:\/\/opinionpublica.com.ar\/index\/category\/tierra-del-fuego\/\" rel=\"category tag\">Tierra del Fuego<\/a>","tag_info":"Tierra del Fuego","comment_count":"0","_links":{"self":[{"href":"https:\/\/opinionpublica.com.ar\/index\/wp-json\/wp\/v2\/posts\/12683","targetHints":{"allow":["GET"]}}],"collection":[{"href":"https:\/\/opinionpublica.com.ar\/index\/wp-json\/wp\/v2\/posts"}],"about":[{"href":"https:\/\/opinionpublica.com.ar\/index\/wp-json\/wp\/v2\/types\/post"}],"author":[{"embeddable":true,"href":"https:\/\/opinionpublica.com.ar\/index\/wp-json\/wp\/v2\/users\/5"}],"replies":[{"embeddable":true,"href":"https:\/\/opinionpublica.com.ar\/index\/wp-json\/wp\/v2\/comments?post=12683"}],"version-history":[{"count":1,"href":"https:\/\/opinionpublica.com.ar\/index\/wp-json\/wp\/v2\/posts\/12683\/revisions"}],"predecessor-version":[{"id":12684,"href":"https:\/\/opinionpublica.com.ar\/index\/wp-json\/wp\/v2\/posts\/12683\/revisions\/12684"}],"wp:featuredmedia":[{"embeddable":true,"href":"https:\/\/opinionpublica.com.ar\/index\/wp-json\/wp\/v2\/media\/3106"}],"wp:attachment":[{"href":"https:\/\/opinionpublica.com.ar\/index\/wp-json\/wp\/v2\/media?parent=12683"}],"wp:term":[{"taxonomy":"category","embeddable":true,"href":"https:\/\/opinionpublica.com.ar\/index\/wp-json\/wp\/v2\/categories?post=12683"},{"taxonomy":"post_tag","embeddable":true,"href":"https:\/\/opinionpublica.com.ar\/index\/wp-json\/wp\/v2\/tags?post=12683"}],"curies":[{"name":"wp","href":"https:\/\/api.w.org\/{rel}","templated":true}]}}