{"id":12686,"date":"2026-03-16T13:03:50","date_gmt":"2026-03-16T16:03:50","guid":{"rendered":"https:\/\/opinionpublica.com.ar\/index\/?p=12686"},"modified":"2026-03-16T13:03:50","modified_gmt":"2026-03-16T16:03:50","slug":"ushuaia-sin-rumbo-denuncian-falta-de-planificacion-y-obras-paralizadas","status":"publish","type":"post","link":"https:\/\/opinionpublica.com.ar\/index\/ushuaia-sin-rumbo-denuncian-falta-de-planificacion-y-obras-paralizadas\/","title":{"rendered":"Ushuaia sin rumbo: Denuncian falta de planificaci\u00f3n y obras paralizadas"},"content":{"rendered":"<h3>Ushuaia sin rumbo: Denuncian falta de planificaci\u00f3n y obras paralizadas<\/h3>\n<p><a href=\"https:\/\/opinionpublica.com.ar\/index\/wp-content\/uploads\/2024\/10\/5100627161739537616-1024x682-ushuaia-obras.jpg\"><img fetchpriority=\"high\" decoding=\"async\" class=\"alignnone size-full wp-image-6108\" src=\"https:\/\/opinionpublica.com.ar\/index\/wp-content\/uploads\/2024\/10\/5100627161739537616-1024x682-ushuaia-obras.jpg\" alt=\"\" width=\"1024\" height=\"682\" srcset=\"https:\/\/opinionpublica.com.ar\/index\/wp-content\/uploads\/2024\/10\/5100627161739537616-1024x682-ushuaia-obras.jpg 1024w, https:\/\/opinionpublica.com.ar\/index\/wp-content\/uploads\/2024\/10\/5100627161739537616-1024x682-ushuaia-obras-300x200.jpg 300w, https:\/\/opinionpublica.com.ar\/index\/wp-content\/uploads\/2024\/10\/5100627161739537616-1024x682-ushuaia-obras-768x512.jpg 768w\" sizes=\"(max-width: 1024px) 100vw, 1024px\" \/><\/a><\/p>\n<p>En el Concejo Deliberante de Ushuaia, las cr\u00edticas hacia la intendencia suben de tono. La concejal Daiana Freiberger denunci\u00f3 p\u00fablicamente la \u00abfalta total de planificaci\u00f3n\u00bb de la gesti\u00f3n municipal. Proyectos clave est\u00e1n frenados y las obras p\u00fablicas inconclusas se han convertido en trampas urbanas. Mientras la ciudad crece de forma desordenada, el Ejecutivo municipal prefiere el marketing pol\u00edtico por sobre las soluciones estructurales que los vecinos reclaman en cada barrio<\/p>\n","protected":false},"excerpt":{"rendered":"<p>Ushuaia sin rumbo: Denuncian falta de planificaci\u00f3n y obras paralizadas En el Concejo Deliberante de Ushuaia, las cr\u00edticas<\/p>\n","protected":false},"author":5,"featured_media":6108,"comment_status":"open","ping_status":"open","sticky":false,"template":"","format":"standard","meta":{"footnotes":""},"categories":[21],"tags":[1342,211],"class_list":["post-12686","post","type-post","status-publish","format-standard","has-post-thumbnail","hentry","category-ushuaia","tag-consejo-deliberante","tag-obra-publica"],"featured_image_urls":{"full":["https:\/\/opinionpublica.com.ar\/index\/wp-content\/uploads\/2024\/10\/5100627161739537616-1024x682-ushuaia-obras.jpg",1024,682,false],"thumbnail":["https:\/\/opinionpublica.com.ar\/index\/wp-content\/uploads\/2024\/10\/5100627161739537616-1024x682-ushuaia-obras-150x150.jpg",150,150,true],"medium":["https:\/\/opinionpublica.com.ar\/index\/wp-content\/uploads\/2024\/10\/5100627161739537616-1024x682-ushuaia-obras-300x200.jpg",300,200,true],"medium_large":["https:\/\/opinionpublica.com.ar\/index\/wp-content\/uploads\/2024\/10\/5100627161739537616-1024x682-ushuaia-obras-768x512.jpg",640,427,true],"large":["https:\/\/opinionpublica.com.ar\/index\/wp-content\/uploads\/2024\/10\/5100627161739537616-1024x682-ushuaia-obras.jpg",640,426,false],"1536x1536":["https:\/\/opinionpublica.com.ar\/index\/wp-content\/uploads\/2024\/10\/5100627161739537616-1024x682-ushuaia-obras.jpg",1024,682,false],"2048x2048":["https:\/\/opinionpublica.com.ar\/index\/wp-content\/uploads\/2024\/10\/5100627161739537616-1024x682-ushuaia-obras.jpg",1024,682,false],"morenews-large":["https:\/\/opinionpublica.com.ar\/index\/wp-content\/uploads\/2024\/10\/5100627161739537616-1024x682-ushuaia-obras-825x575.jpg",825,575,true],"morenews-medium":["https:\/\/opinionpublica.com.ar\/index\/wp-content\/uploads\/2024\/10\/5100627161739537616-1024x682-ushuaia-obras-590x410.jpg",590,410,true]},"author_info":{"display_name":"Hal","author_link":"https:\/\/opinionpublica.com.ar\/index\/author\/hal\/"},"category_info":"<a href=\"https:\/\/opinionpublica.com.ar\/index\/category\/ushuaia\/\" rel=\"category tag\">Ushuaia<\/a>","tag_info":"Ushuaia","comment_count":"0","_links":{"self":[{"href":"https:\/\/opinionpublica.com.ar\/index\/wp-json\/wp\/v2\/posts\/12686","targetHints":{"allow":["GET"]}}],"collection":[{"href":"https:\/\/opinionpublica.com.ar\/index\/wp-json\/wp\/v2\/posts"}],"about":[{"href":"https:\/\/opinionpublica.com.ar\/index\/wp-json\/wp\/v2\/types\/post"}],"author":[{"embeddable":true,"href":"https:\/\/opinionpublica.com.ar\/index\/wp-json\/wp\/v2\/users\/5"}],"replies":[{"embeddable":true,"href":"https:\/\/opinionpublica.com.ar\/index\/wp-json\/wp\/v2\/comments?post=12686"}],"version-history":[{"count":1,"href":"https:\/\/opinionpublica.com.ar\/index\/wp-json\/wp\/v2\/posts\/12686\/revisions"}],"predecessor-version":[{"id":12689,"href":"https:\/\/opinionpublica.com.ar\/index\/wp-json\/wp\/v2\/posts\/12686\/revisions\/12689"}],"wp:featuredmedia":[{"embeddable":true,"href":"https:\/\/opinionpublica.com.ar\/index\/wp-json\/wp\/v2\/media\/6108"}],"wp:attachment":[{"href":"https:\/\/opinionpublica.com.ar\/index\/wp-json\/wp\/v2\/media?parent=12686"}],"wp:term":[{"taxonomy":"category","embeddable":true,"href":"https:\/\/opinionpublica.com.ar\/index\/wp-json\/wp\/v2\/categories?post=12686"},{"taxonomy":"post_tag","embeddable":true,"href":"https:\/\/opinionpublica.com.ar\/index\/wp-json\/wp\/v2\/tags?post=12686"}],"curies":[{"name":"wp","href":"https:\/\/api.w.org\/{rel}","templated":true}]}}