{"id":12695,"date":"2026-03-17T10:12:07","date_gmt":"2026-03-17T13:12:07","guid":{"rendered":"https:\/\/opinionpublica.com.ar\/index\/?p=12695"},"modified":"2026-03-17T10:12:07","modified_gmt":"2026-03-17T13:12:07","slug":"el-colapso-del-sistema-sanitario-16-000-fueguinos-a-la-deriva","status":"publish","type":"post","link":"https:\/\/opinionpublica.com.ar\/index\/el-colapso-del-sistema-sanitario-16-000-fueguinos-a-la-deriva\/","title":{"rendered":"El colapso del sistema sanitario: 16.000 fueguinos a la deriva"},"content":{"rendered":"<h3>El colapso del sistema sanitario: 16.000 fueguinos a la deriva<\/h3>\n<p><a href=\"https:\/\/opinionpublica.com.ar\/index\/wp-content\/uploads\/2024\/10\/entrada-hospital1-rio-grande.jpg\"><img fetchpriority=\"high\" decoding=\"async\" class=\"alignnone size-full wp-image-6222\" src=\"https:\/\/opinionpublica.com.ar\/index\/wp-content\/uploads\/2024\/10\/entrada-hospital1-rio-grande.jpg\" alt=\"\" width=\"1024\" height=\"768\" srcset=\"https:\/\/opinionpublica.com.ar\/index\/wp-content\/uploads\/2024\/10\/entrada-hospital1-rio-grande.jpg 1024w, https:\/\/opinionpublica.com.ar\/index\/wp-content\/uploads\/2024\/10\/entrada-hospital1-rio-grande-300x225.jpg 300w, https:\/\/opinionpublica.com.ar\/index\/wp-content\/uploads\/2024\/10\/entrada-hospital1-rio-grande-768x576.jpg 768w\" sizes=\"(max-width: 1024px) 100vw, 1024px\" \/><\/a><\/p>\n<p>La situaci\u00f3n en Tierra del Fuego ya no se sostiene. El propio Ejecutivo provincial admiti\u00f3 que unos 16.000 ciudadanos perdieron su cobertura de obra social debido a la crisis econ\u00f3mica y el desempleo, volc\u00e1ndose masivamente a un sistema de salud p\u00fablica que ya operaba al l\u00edmite. Mientras los hospitales carecen de insumos b\u00e1sicos y las guardias est\u00e1n desbordadas, el gobierno de Melella parece limitarse a relatar la tragedia en lugar de ofrecer soluciones concretas. La falta de previsi\u00f3n en infraestructura sanitaria est\u00e1 dejando a miles de familias en una vulnerabilidad total, transformando el derecho a la salud en una loter\u00eda para los fueguinos.<\/p>\n<p>&nbsp;<\/p>\n","protected":false},"excerpt":{"rendered":"<p>El colapso del sistema sanitario: 16.000 fueguinos a la deriva La situaci\u00f3n en Tierra del Fuego ya no<\/p>\n","protected":false},"author":5,"featured_media":6222,"comment_status":"open","ping_status":"open","sticky":false,"template":"","format":"standard","meta":{"footnotes":""},"categories":[2],"tags":[],"class_list":["post-12695","post","type-post","status-publish","format-standard","has-post-thumbnail","hentry","category-tierra-del-fuego"],"featured_image_urls":{"full":["https:\/\/opinionpublica.com.ar\/index\/wp-content\/uploads\/2024\/10\/entrada-hospital1-rio-grande.jpg",1024,768,false],"thumbnail":["https:\/\/opinionpublica.com.ar\/index\/wp-content\/uploads\/2024\/10\/entrada-hospital1-rio-grande-150x150.jpg",150,150,true],"medium":["https:\/\/opinionpublica.com.ar\/index\/wp-content\/uploads\/2024\/10\/entrada-hospital1-rio-grande-300x225.jpg",300,225,true],"medium_large":["https:\/\/opinionpublica.com.ar\/index\/wp-content\/uploads\/2024\/10\/entrada-hospital1-rio-grande-768x576.jpg",640,480,true],"large":["https:\/\/opinionpublica.com.ar\/index\/wp-content\/uploads\/2024\/10\/entrada-hospital1-rio-grande.jpg",640,480,false],"1536x1536":["https:\/\/opinionpublica.com.ar\/index\/wp-content\/uploads\/2024\/10\/entrada-hospital1-rio-grande.jpg",1024,768,false],"2048x2048":["https:\/\/opinionpublica.com.ar\/index\/wp-content\/uploads\/2024\/10\/entrada-hospital1-rio-grande.jpg",1024,768,false],"morenews-large":["https:\/\/opinionpublica.com.ar\/index\/wp-content\/uploads\/2024\/10\/entrada-hospital1-rio-grande-825x575.jpg",825,575,true],"morenews-medium":["https:\/\/opinionpublica.com.ar\/index\/wp-content\/uploads\/2024\/10\/entrada-hospital1-rio-grande-590x410.jpg",590,410,true]},"author_info":{"display_name":"Hal","author_link":"https:\/\/opinionpublica.com.ar\/index\/author\/hal\/"},"category_info":"<a href=\"https:\/\/opinionpublica.com.ar\/index\/category\/tierra-del-fuego\/\" rel=\"category tag\">Tierra del Fuego<\/a>","tag_info":"Tierra del Fuego","comment_count":"0","_links":{"self":[{"href":"https:\/\/opinionpublica.com.ar\/index\/wp-json\/wp\/v2\/posts\/12695","targetHints":{"allow":["GET"]}}],"collection":[{"href":"https:\/\/opinionpublica.com.ar\/index\/wp-json\/wp\/v2\/posts"}],"about":[{"href":"https:\/\/opinionpublica.com.ar\/index\/wp-json\/wp\/v2\/types\/post"}],"author":[{"embeddable":true,"href":"https:\/\/opinionpublica.com.ar\/index\/wp-json\/wp\/v2\/users\/5"}],"replies":[{"embeddable":true,"href":"https:\/\/opinionpublica.com.ar\/index\/wp-json\/wp\/v2\/comments?post=12695"}],"version-history":[{"count":1,"href":"https:\/\/opinionpublica.com.ar\/index\/wp-json\/wp\/v2\/posts\/12695\/revisions"}],"predecessor-version":[{"id":12696,"href":"https:\/\/opinionpublica.com.ar\/index\/wp-json\/wp\/v2\/posts\/12695\/revisions\/12696"}],"wp:featuredmedia":[{"embeddable":true,"href":"https:\/\/opinionpublica.com.ar\/index\/wp-json\/wp\/v2\/media\/6222"}],"wp:attachment":[{"href":"https:\/\/opinionpublica.com.ar\/index\/wp-json\/wp\/v2\/media?parent=12695"}],"wp:term":[{"taxonomy":"category","embeddable":true,"href":"https:\/\/opinionpublica.com.ar\/index\/wp-json\/wp\/v2\/categories?post=12695"},{"taxonomy":"post_tag","embeddable":true,"href":"https:\/\/opinionpublica.com.ar\/index\/wp-json\/wp\/v2\/tags?post=12695"}],"curies":[{"name":"wp","href":"https:\/\/api.w.org\/{rel}","templated":true}]}}