{"id":12699,"date":"2026-03-17T10:39:59","date_gmt":"2026-03-17T13:39:59","guid":{"rendered":"https:\/\/opinionpublica.com.ar\/index\/?p=12699"},"modified":"2026-03-17T10:39:59","modified_gmt":"2026-03-17T13:39:59","slug":"recaudacion-en-caida-libre-las-cuentas-provinciales-en-rojo","status":"publish","type":"post","link":"https:\/\/opinionpublica.com.ar\/index\/recaudacion-en-caida-libre-las-cuentas-provinciales-en-rojo\/","title":{"rendered":"Recaudaci\u00f3n en ca\u00edda libre: Las cuentas provinciales en rojo"},"content":{"rendered":"<h3>Recaudaci\u00f3n en ca\u00edda libre: Las cuentas provinciales en rojo<\/h3>\n<p><a href=\"https:\/\/opinionpublica.com.ar\/index\/wp-content\/uploads\/2025\/01\/Casa-de-Gobierno-Ushuaia.jpeg\"><img fetchpriority=\"high\" decoding=\"async\" class=\"alignnone size-full wp-image-8422\" src=\"https:\/\/opinionpublica.com.ar\/index\/wp-content\/uploads\/2025\/01\/Casa-de-Gobierno-Ushuaia.jpeg\" alt=\"\" width=\"1600\" height=\"1066\" srcset=\"https:\/\/opinionpublica.com.ar\/index\/wp-content\/uploads\/2025\/01\/Casa-de-Gobierno-Ushuaia.jpeg 1600w, https:\/\/opinionpublica.com.ar\/index\/wp-content\/uploads\/2025\/01\/Casa-de-Gobierno-Ushuaia-300x200.jpeg 300w, https:\/\/opinionpublica.com.ar\/index\/wp-content\/uploads\/2025\/01\/Casa-de-Gobierno-Ushuaia-1024x682.jpeg 1024w, https:\/\/opinionpublica.com.ar\/index\/wp-content\/uploads\/2025\/01\/Casa-de-Gobierno-Ushuaia-768x512.jpeg 768w, https:\/\/opinionpublica.com.ar\/index\/wp-content\/uploads\/2025\/01\/Casa-de-Gobierno-Ushuaia-1536x1023.jpeg 1536w\" sizes=\"(max-width: 1600px) 100vw, 1600px\" \/><\/a><\/p>\n<p>Los n\u00fameros no mienten y la gesti\u00f3n actual no sabe c\u00f3mo revertirlos. En febrero, la recaudaci\u00f3n de fondos nacionales destinados a la provincia cay\u00f3 un 8,3% real. Esta p\u00e9rdida de poder adquisitivo de los recursos provinciales \u2014licuados por la inflaci\u00f3n\u2014 est\u00e1 asfixiando las arcas del Estado. Con una dependencia absoluta del consumo interno, el cual est\u00e1 pulverizado, la provincia se encamina a un escenario de d\u00e9ficit cr\u00f3nico. Sin un plan de contingencia real, el ajuste que tanto critican termina aplic\u00e1ndose por la v\u00eda del deterioro de los servicios p\u00fablicos y el congelamiento de la inversi\u00f3n productiva.<\/p>\n<p>&nbsp;<\/p>\n","protected":false},"excerpt":{"rendered":"<p>Recaudaci\u00f3n en ca\u00edda libre: Las cuentas provinciales en rojo Los n\u00fameros no mienten y la gesti\u00f3n actual no<\/p>\n","protected":false},"author":5,"featured_media":8422,"comment_status":"open","ping_status":"open","sticky":false,"template":"","format":"standard","meta":{"footnotes":""},"categories":[2],"tags":[],"class_list":["post-12699","post","type-post","status-publish","format-standard","has-post-thumbnail","hentry","category-tierra-del-fuego"],"featured_image_urls":{"full":["https:\/\/opinionpublica.com.ar\/index\/wp-content\/uploads\/2025\/01\/Casa-de-Gobierno-Ushuaia.jpeg",1600,1066,false],"thumbnail":["https:\/\/opinionpublica.com.ar\/index\/wp-content\/uploads\/2025\/01\/Casa-de-Gobierno-Ushuaia-150x150.jpeg",150,150,true],"medium":["https:\/\/opinionpublica.com.ar\/index\/wp-content\/uploads\/2025\/01\/Casa-de-Gobierno-Ushuaia-300x200.jpeg",300,200,true],"medium_large":["https:\/\/opinionpublica.com.ar\/index\/wp-content\/uploads\/2025\/01\/Casa-de-Gobierno-Ushuaia-768x512.jpeg",640,427,true],"large":["https:\/\/opinionpublica.com.ar\/index\/wp-content\/uploads\/2025\/01\/Casa-de-Gobierno-Ushuaia-1024x682.jpeg",640,426,true],"1536x1536":["https:\/\/opinionpublica.com.ar\/index\/wp-content\/uploads\/2025\/01\/Casa-de-Gobierno-Ushuaia-1536x1023.jpeg",1536,1023,true],"2048x2048":["https:\/\/opinionpublica.com.ar\/index\/wp-content\/uploads\/2025\/01\/Casa-de-Gobierno-Ushuaia.jpeg",1600,1066,false],"morenews-large":["https:\/\/opinionpublica.com.ar\/index\/wp-content\/uploads\/2025\/01\/Casa-de-Gobierno-Ushuaia-825x575.jpeg",825,575,true],"morenews-medium":["https:\/\/opinionpublica.com.ar\/index\/wp-content\/uploads\/2025\/01\/Casa-de-Gobierno-Ushuaia-590x410.jpeg",590,410,true]},"author_info":{"display_name":"Hal","author_link":"https:\/\/opinionpublica.com.ar\/index\/author\/hal\/"},"category_info":"<a href=\"https:\/\/opinionpublica.com.ar\/index\/category\/tierra-del-fuego\/\" rel=\"category tag\">Tierra del Fuego<\/a>","tag_info":"Tierra del Fuego","comment_count":"0","_links":{"self":[{"href":"https:\/\/opinionpublica.com.ar\/index\/wp-json\/wp\/v2\/posts\/12699","targetHints":{"allow":["GET"]}}],"collection":[{"href":"https:\/\/opinionpublica.com.ar\/index\/wp-json\/wp\/v2\/posts"}],"about":[{"href":"https:\/\/opinionpublica.com.ar\/index\/wp-json\/wp\/v2\/types\/post"}],"author":[{"embeddable":true,"href":"https:\/\/opinionpublica.com.ar\/index\/wp-json\/wp\/v2\/users\/5"}],"replies":[{"embeddable":true,"href":"https:\/\/opinionpublica.com.ar\/index\/wp-json\/wp\/v2\/comments?post=12699"}],"version-history":[{"count":1,"href":"https:\/\/opinionpublica.com.ar\/index\/wp-json\/wp\/v2\/posts\/12699\/revisions"}],"predecessor-version":[{"id":12700,"href":"https:\/\/opinionpublica.com.ar\/index\/wp-json\/wp\/v2\/posts\/12699\/revisions\/12700"}],"wp:featuredmedia":[{"embeddable":true,"href":"https:\/\/opinionpublica.com.ar\/index\/wp-json\/wp\/v2\/media\/8422"}],"wp:attachment":[{"href":"https:\/\/opinionpublica.com.ar\/index\/wp-json\/wp\/v2\/media?parent=12699"}],"wp:term":[{"taxonomy":"category","embeddable":true,"href":"https:\/\/opinionpublica.com.ar\/index\/wp-json\/wp\/v2\/categories?post=12699"},{"taxonomy":"post_tag","embeddable":true,"href":"https:\/\/opinionpublica.com.ar\/index\/wp-json\/wp\/v2\/tags?post=12699"}],"curies":[{"name":"wp","href":"https:\/\/api.w.org\/{rel}","templated":true}]}}