{"id":12702,"date":"2026-03-17T10:46:32","date_gmt":"2026-03-17T13:46:32","guid":{"rendered":"https:\/\/opinionpublica.com.ar\/index\/?p=12702"},"modified":"2026-03-17T10:46:32","modified_gmt":"2026-03-17T13:46:32","slug":"el-puerto-de-ushuaia-intervencion-y-soberania-en-disputa","status":"publish","type":"post","link":"https:\/\/opinionpublica.com.ar\/index\/el-puerto-de-ushuaia-intervencion-y-soberania-en-disputa\/","title":{"rendered":"El Puerto de Ushuaia: Intervenci\u00f3n y soberan\u00eda en disputa"},"content":{"rendered":"<h3>El Puerto de Ushuaia: Intervenci\u00f3n y soberan\u00eda en disputa<\/h3>\n<p><a href=\"https:\/\/opinionpublica.com.ar\/index\/wp-content\/uploads\/2025\/10\/puerto-ushuaia.jpg\"><img fetchpriority=\"high\" decoding=\"async\" class=\"alignnone size-full wp-image-11457\" src=\"https:\/\/opinionpublica.com.ar\/index\/wp-content\/uploads\/2025\/10\/puerto-ushuaia.jpg\" alt=\"\" width=\"1600\" height=\"1116\" srcset=\"https:\/\/opinionpublica.com.ar\/index\/wp-content\/uploads\/2025\/10\/puerto-ushuaia.jpg 1600w, https:\/\/opinionpublica.com.ar\/index\/wp-content\/uploads\/2025\/10\/puerto-ushuaia-300x209.jpg 300w, https:\/\/opinionpublica.com.ar\/index\/wp-content\/uploads\/2025\/10\/puerto-ushuaia-1024x714.jpg 1024w, https:\/\/opinionpublica.com.ar\/index\/wp-content\/uploads\/2025\/10\/puerto-ushuaia-768x536.jpg 768w, https:\/\/opinionpublica.com.ar\/index\/wp-content\/uploads\/2025\/10\/puerto-ushuaia-1536x1071.jpg 1536w, https:\/\/opinionpublica.com.ar\/index\/wp-content\/uploads\/2025\/10\/puerto-ushuaia-825x575.jpg 825w\" sizes=\"(max-width: 1600px) 100vw, 1600px\" \/><\/a><\/p>\n<p>La incapacidad del gobierno provincial para gestionar recursos estrat\u00e9gicos ha llevado a un punto de no retorno: la intervenci\u00f3n del Puerto de Ushuaia. Aunque desde la Casa de Gobierno se intenta instalar un discurso de \u00abdefensa de la soberan\u00eda\u00bb, la realidad es que la falta de transparencia y las irregularidades en la gesti\u00f3n local dieron el pretexto perfecto para la intervenci\u00f3n federal. Hoy, los trabajadores portuarios viven en un clima de incertidumbre salarial y operativa, mientras el puerto m\u00e1s austral del mundo se convierte en un bot\u00edn de guerra pol\u00edtica entre Naci\u00f3n y Provincia, lejos de ser el motor de desarrollo que prometieron.<\/p>\n","protected":false},"excerpt":{"rendered":"<p>El Puerto de Ushuaia: Intervenci\u00f3n y soberan\u00eda en disputa La incapacidad del gobierno provincial para gestionar recursos estrat\u00e9gicos<\/p>\n","protected":false},"author":5,"featured_media":11457,"comment_status":"open","ping_status":"open","sticky":false,"template":"","format":"standard","meta":{"footnotes":""},"categories":[21],"tags":[],"class_list":["post-12702","post","type-post","status-publish","format-standard","has-post-thumbnail","hentry","category-ushuaia"],"featured_image_urls":{"full":["https:\/\/opinionpublica.com.ar\/index\/wp-content\/uploads\/2025\/10\/puerto-ushuaia.jpg",1600,1116,false],"thumbnail":["https:\/\/opinionpublica.com.ar\/index\/wp-content\/uploads\/2025\/10\/puerto-ushuaia-150x150.jpg",150,150,true],"medium":["https:\/\/opinionpublica.com.ar\/index\/wp-content\/uploads\/2025\/10\/puerto-ushuaia-300x209.jpg",300,209,true],"medium_large":["https:\/\/opinionpublica.com.ar\/index\/wp-content\/uploads\/2025\/10\/puerto-ushuaia-768x536.jpg",640,447,true],"large":["https:\/\/opinionpublica.com.ar\/index\/wp-content\/uploads\/2025\/10\/puerto-ushuaia-1024x714.jpg",640,446,true],"1536x1536":["https:\/\/opinionpublica.com.ar\/index\/wp-content\/uploads\/2025\/10\/puerto-ushuaia-1536x1071.jpg",1536,1071,true],"2048x2048":["https:\/\/opinionpublica.com.ar\/index\/wp-content\/uploads\/2025\/10\/puerto-ushuaia.jpg",1600,1116,false],"morenews-large":["https:\/\/opinionpublica.com.ar\/index\/wp-content\/uploads\/2025\/10\/puerto-ushuaia-825x575.jpg",825,575,true],"morenews-medium":["https:\/\/opinionpublica.com.ar\/index\/wp-content\/uploads\/2025\/10\/puerto-ushuaia-590x410.jpg",590,410,true]},"author_info":{"display_name":"Hal","author_link":"https:\/\/opinionpublica.com.ar\/index\/author\/hal\/"},"category_info":"<a href=\"https:\/\/opinionpublica.com.ar\/index\/category\/ushuaia\/\" rel=\"category tag\">Ushuaia<\/a>","tag_info":"Ushuaia","comment_count":"0","_links":{"self":[{"href":"https:\/\/opinionpublica.com.ar\/index\/wp-json\/wp\/v2\/posts\/12702","targetHints":{"allow":["GET"]}}],"collection":[{"href":"https:\/\/opinionpublica.com.ar\/index\/wp-json\/wp\/v2\/posts"}],"about":[{"href":"https:\/\/opinionpublica.com.ar\/index\/wp-json\/wp\/v2\/types\/post"}],"author":[{"embeddable":true,"href":"https:\/\/opinionpublica.com.ar\/index\/wp-json\/wp\/v2\/users\/5"}],"replies":[{"embeddable":true,"href":"https:\/\/opinionpublica.com.ar\/index\/wp-json\/wp\/v2\/comments?post=12702"}],"version-history":[{"count":2,"href":"https:\/\/opinionpublica.com.ar\/index\/wp-json\/wp\/v2\/posts\/12702\/revisions"}],"predecessor-version":[{"id":12704,"href":"https:\/\/opinionpublica.com.ar\/index\/wp-json\/wp\/v2\/posts\/12702\/revisions\/12704"}],"wp:featuredmedia":[{"embeddable":true,"href":"https:\/\/opinionpublica.com.ar\/index\/wp-json\/wp\/v2\/media\/11457"}],"wp:attachment":[{"href":"https:\/\/opinionpublica.com.ar\/index\/wp-json\/wp\/v2\/media?parent=12702"}],"wp:term":[{"taxonomy":"category","embeddable":true,"href":"https:\/\/opinionpublica.com.ar\/index\/wp-json\/wp\/v2\/categories?post=12702"},{"taxonomy":"post_tag","embeddable":true,"href":"https:\/\/opinionpublica.com.ar\/index\/wp-json\/wp\/v2\/tags?post=12702"}],"curies":[{"name":"wp","href":"https:\/\/api.w.org\/{rel}","templated":true}]}}