{"id":12705,"date":"2026-03-17T11:00:25","date_gmt":"2026-03-17T14:00:25","guid":{"rendered":"https:\/\/opinionpublica.com.ar\/index\/?p=12705"},"modified":"2026-03-17T11:00:25","modified_gmt":"2026-03-17T14:00:25","slug":"investigan-a-funcionario-municipal-de-ushuaia-por-una-brutal-agresion-contra-un-joven","status":"publish","type":"post","link":"https:\/\/opinionpublica.com.ar\/index\/investigan-a-funcionario-municipal-de-ushuaia-por-una-brutal-agresion-contra-un-joven\/","title":{"rendered":"Investigan a funcionario municipal de Ushuaia por una brutal agresi\u00f3n contra un joven"},"content":{"rendered":"<h3>Investigan a funcionario municipal de Ushuaia por una brutal agresi\u00f3n contra un joven<\/h3>\n<p>La v\u00edctima termin\u00f3 con el tabique quebrado y denunci\u00f3 que otro miembro del gabinete municipal de Ushuaia lo amenaz\u00f3 por sus opiniones en redes sociales. El agresor escap\u00f3 del lugar en una camioneta de alta gama antes de que llegara el patrullero.<\/p>\n<p><a href=\"https:\/\/opinionpublica.com.ar\/index\/wp-content\/uploads\/2024\/11\/f1280x720-119251_250926_5050-municipalidad-ushuaia.jpg\"><img fetchpriority=\"high\" decoding=\"async\" class=\"alignnone size-full wp-image-7537\" src=\"https:\/\/opinionpublica.com.ar\/index\/wp-content\/uploads\/2024\/11\/f1280x720-119251_250926_5050-municipalidad-ushuaia.jpg\" alt=\"\" width=\"1280\" height=\"720\" srcset=\"https:\/\/opinionpublica.com.ar\/index\/wp-content\/uploads\/2024\/11\/f1280x720-119251_250926_5050-municipalidad-ushuaia.jpg 1280w, https:\/\/opinionpublica.com.ar\/index\/wp-content\/uploads\/2024\/11\/f1280x720-119251_250926_5050-municipalidad-ushuaia-300x169.jpg 300w, https:\/\/opinionpublica.com.ar\/index\/wp-content\/uploads\/2024\/11\/f1280x720-119251_250926_5050-municipalidad-ushuaia-1024x576.jpg 1024w, https:\/\/opinionpublica.com.ar\/index\/wp-content\/uploads\/2024\/11\/f1280x720-119251_250926_5050-municipalidad-ushuaia-768x432.jpg 768w\" sizes=\"(max-width: 1280px) 100vw, 1280px\" \/><\/a><\/p>\n<p>La Justicia tiene en sus manos una denuncia que sacude al entorno del Ejecutivo a cargo del intendente Walter Vuoto tras un violento episodio ocurrido durante el \u00faltimo fin de semana. Un hombre de 42 a\u00f1os, identificado como Maximiliano Dar\u00edo Seveca y quien ocupa el cargo de director de Obras Privadas en la Municipalidad, fue se\u00f1alado como el autor de una golpiza que dej\u00f3 a un joven de 26 a\u00f1os con heridas de consideraci\u00f3n en el rostro a la salida del boliche Club 1210.<\/p>\n<p>&nbsp;<\/p>\n<p>El hecho se registr\u00f3 el domingo 15 de marzo, cerca de las 06.20. Seg\u00fan el testimonio que consta en la causa, el funcionario habr\u00eda atacado ferozmente al joven en las inmediaciones del local bailable, provoc\u00e1ndole una fractura en el tabique nasal y diversos hematomas. Durante el ataque, el denunciante tambi\u00e9n sufri\u00f3 la destrucci\u00f3n de su tel\u00e9fono celular y la rotura de su vestimenta.<\/p>\n<p>&nbsp;<\/p>\n<p>De acuerdo al relato de quienes presenciaron la escena, el agresor se retir\u00f3 del lugar a bordo de una camioneta Ford Ranger Raptor justo cuando la polic\u00eda se aproximaba al sector, alertada por los testigos que asist\u00edan a la v\u00edctima ensangrentada. Antes de marcharse, el conductor subi\u00f3 al veh\u00edculo a una mujer que se encontraba en estado de semiinconsciencia y que, seg\u00fan sus propias palabras, ser\u00eda su pareja.<\/p>\n<p>&nbsp;<\/p>\n<p>La situaci\u00f3n sum\u00f3 un agravante institucional, ya que la denuncia indica que Seveca no estaba solo. Lo acompa\u00f1aba un subsecretario de la Jefatura de Gabinete, quien habr\u00eda amedrentado al muchacho recrimin\u00e1ndole por \u201clas cr\u00edticas que sube a las redes sociales contra la gesti\u00f3n de Vuoto\u201d. Este segundo funcionario tambi\u00e9n est\u00e1 bajo la lupa por haber colaborado supuestamente en la huida del atacante.<\/p>\n<p>&nbsp;<\/p>\n<p>Las vinculaciones entre ambos implicados van m\u00e1s all\u00e1 de los despachos oficiales. Se supo que Seveca es due\u00f1o de una firma de alquiler de autos y, conforme a los datos de la Inspecci\u00f3n General de Justicia, compartir\u00eda la sociedad comercial de dicho emprendimiento con el mismo subsecretario que particip\u00f3 de las amenazas.<\/p>\n<p>&nbsp;<\/p>\n<p>Con el descargo penal ya ratificado por las lesiones recibidas, la investigaci\u00f3n busca ahora deslindar las responsabilidades de los involucrados. El caso tom\u00f3 una r\u00e1pida trascendencia p\u00fablica en la capital provincial por el peso de los cargos que ostentan los acusados en la estructura municipal.<\/p>\n","protected":false},"excerpt":{"rendered":"<p>Investigan a funcionario municipal de Ushuaia por una brutal agresi\u00f3n contra un joven La v\u00edctima termin\u00f3 con el<\/p>\n","protected":false},"author":5,"featured_media":7537,"comment_status":"open","ping_status":"open","sticky":false,"template":"","format":"standard","meta":{"footnotes":""},"categories":[21],"tags":[232,4176,6],"class_list":["post-12705","post","type-post","status-publish","format-standard","has-post-thumbnail","hentry","category-ushuaia","tag-denuncia","tag-funcionario-municipal","tag-ushuaia"],"featured_image_urls":{"full":["https:\/\/opinionpublica.com.ar\/index\/wp-content\/uploads\/2024\/11\/f1280x720-119251_250926_5050-municipalidad-ushuaia.jpg",1280,720,false],"thumbnail":["https:\/\/opinionpublica.com.ar\/index\/wp-content\/uploads\/2024\/11\/f1280x720-119251_250926_5050-municipalidad-ushuaia-150x150.jpg",150,150,true],"medium":["https:\/\/opinionpublica.com.ar\/index\/wp-content\/uploads\/2024\/11\/f1280x720-119251_250926_5050-municipalidad-ushuaia-300x169.jpg",300,169,true],"medium_large":["https:\/\/opinionpublica.com.ar\/index\/wp-content\/uploads\/2024\/11\/f1280x720-119251_250926_5050-municipalidad-ushuaia-768x432.jpg",640,360,true],"large":["https:\/\/opinionpublica.com.ar\/index\/wp-content\/uploads\/2024\/11\/f1280x720-119251_250926_5050-municipalidad-ushuaia-1024x576.jpg",640,360,true],"1536x1536":["https:\/\/opinionpublica.com.ar\/index\/wp-content\/uploads\/2024\/11\/f1280x720-119251_250926_5050-municipalidad-ushuaia.jpg",1280,720,false],"2048x2048":["https:\/\/opinionpublica.com.ar\/index\/wp-content\/uploads\/2024\/11\/f1280x720-119251_250926_5050-municipalidad-ushuaia.jpg",1280,720,false],"morenews-large":["https:\/\/opinionpublica.com.ar\/index\/wp-content\/uploads\/2024\/11\/f1280x720-119251_250926_5050-municipalidad-ushuaia-825x575.jpg",825,575,true],"morenews-medium":["https:\/\/opinionpublica.com.ar\/index\/wp-content\/uploads\/2024\/11\/f1280x720-119251_250926_5050-municipalidad-ushuaia-590x410.jpg",590,410,true]},"author_info":{"display_name":"Hal","author_link":"https:\/\/opinionpublica.com.ar\/index\/author\/hal\/"},"category_info":"<a href=\"https:\/\/opinionpublica.com.ar\/index\/category\/ushuaia\/\" rel=\"category tag\">Ushuaia<\/a>","tag_info":"Ushuaia","comment_count":"0","_links":{"self":[{"href":"https:\/\/opinionpublica.com.ar\/index\/wp-json\/wp\/v2\/posts\/12705","targetHints":{"allow":["GET"]}}],"collection":[{"href":"https:\/\/opinionpublica.com.ar\/index\/wp-json\/wp\/v2\/posts"}],"about":[{"href":"https:\/\/opinionpublica.com.ar\/index\/wp-json\/wp\/v2\/types\/post"}],"author":[{"embeddable":true,"href":"https:\/\/opinionpublica.com.ar\/index\/wp-json\/wp\/v2\/users\/5"}],"replies":[{"embeddable":true,"href":"https:\/\/opinionpublica.com.ar\/index\/wp-json\/wp\/v2\/comments?post=12705"}],"version-history":[{"count":1,"href":"https:\/\/opinionpublica.com.ar\/index\/wp-json\/wp\/v2\/posts\/12705\/revisions"}],"predecessor-version":[{"id":12706,"href":"https:\/\/opinionpublica.com.ar\/index\/wp-json\/wp\/v2\/posts\/12705\/revisions\/12706"}],"wp:featuredmedia":[{"embeddable":true,"href":"https:\/\/opinionpublica.com.ar\/index\/wp-json\/wp\/v2\/media\/7537"}],"wp:attachment":[{"href":"https:\/\/opinionpublica.com.ar\/index\/wp-json\/wp\/v2\/media?parent=12705"}],"wp:term":[{"taxonomy":"category","embeddable":true,"href":"https:\/\/opinionpublica.com.ar\/index\/wp-json\/wp\/v2\/categories?post=12705"},{"taxonomy":"post_tag","embeddable":true,"href":"https:\/\/opinionpublica.com.ar\/index\/wp-json\/wp\/v2\/tags?post=12705"}],"curies":[{"name":"wp","href":"https:\/\/api.w.org\/{rel}","templated":true}]}}