{"id":12707,"date":"2026-03-17T11:40:54","date_gmt":"2026-03-17T14:40:54","guid":{"rendered":"https:\/\/opinionpublica.com.ar\/index\/?p=12707"},"modified":"2026-03-17T11:40:54","modified_gmt":"2026-03-17T14:40:54","slug":"ushuaia-bajo-el-agua-el-fracaso-de-la-infraestructura-basica","status":"publish","type":"post","link":"https:\/\/opinionpublica.com.ar\/index\/ushuaia-bajo-el-agua-el-fracaso-de-la-infraestructura-basica\/","title":{"rendered":"Ushuaia bajo el agua: El fracaso de la infraestructura b\u00e1sica"},"content":{"rendered":"<h3>Ushuaia bajo el agua: El fracaso de la infraestructura b\u00e1sica<\/h3>\n<p><a href=\"https:\/\/opinionpublica.com.ar\/index\/wp-content\/uploads\/2024\/10\/tolhuin-gas3.jpg\"><img fetchpriority=\"high\" decoding=\"async\" class=\"alignnone size-full wp-image-6439\" src=\"https:\/\/opinionpublica.com.ar\/index\/wp-content\/uploads\/2024\/10\/tolhuin-gas3.jpg\" alt=\"\" width=\"1280\" height=\"854\" srcset=\"https:\/\/opinionpublica.com.ar\/index\/wp-content\/uploads\/2024\/10\/tolhuin-gas3.jpg 1280w, https:\/\/opinionpublica.com.ar\/index\/wp-content\/uploads\/2024\/10\/tolhuin-gas3-300x200.jpg 300w, https:\/\/opinionpublica.com.ar\/index\/wp-content\/uploads\/2024\/10\/tolhuin-gas3-1024x683.jpg 1024w, https:\/\/opinionpublica.com.ar\/index\/wp-content\/uploads\/2024\/10\/tolhuin-gas3-768x512.jpg 768w\" sizes=\"(max-width: 1280px) 100vw, 1280px\" \/><\/a><\/p>\n<p>Mientras la municipalidad de Ushuaia se distrae con eventos culturales y murales, los vecinos sufren cortes imprevistos de agua potable en sectores clave como De La Loma. La Direcci\u00f3n Provincial de Obras y Servicios Sanitarios (DPOSS) contin\u00faa emitiendo comunicados de \u00abreparaciones de emergencia\u00bb por roturas de red que demuestran la falta de mantenimiento estructural. Es inadmisible que en la capital de la provincia los servicios m\u00e1s b\u00e1sicos sigan siendo deficientes, evidenciando una gesti\u00f3n municipal que prioriza el maquillaje electoral por sobre las necesidades vitales de la poblaci\u00f3n.<\/p>\n<p>&nbsp;<\/p>\n<p>&nbsp;<\/p>\n","protected":false},"excerpt":{"rendered":"<p>Ushuaia bajo el agua: El fracaso de la infraestructura b\u00e1sica Mientras la municipalidad de Ushuaia se distrae con<\/p>\n","protected":false},"author":5,"featured_media":9641,"comment_status":"open","ping_status":"open","sticky":false,"template":"","format":"standard","meta":{"footnotes":""},"categories":[21],"tags":[36,4177],"class_list":["post-12707","post","type-post","status-publish","format-standard","has-post-thumbnail","hentry","category-ushuaia","tag-dposs","tag-falta-de-agua"],"featured_image_urls":{"full":["https:\/\/opinionpublica.com.ar\/index\/wp-content\/uploads\/2025\/05\/TOLHUIN-AVANZA-CON-LA-EXTENSION-DE-LA-RED-DE-GAS.webp",1280,854,false],"thumbnail":["https:\/\/opinionpublica.com.ar\/index\/wp-content\/uploads\/2025\/05\/TOLHUIN-AVANZA-CON-LA-EXTENSION-DE-LA-RED-DE-GAS-150x150.webp",150,150,true],"medium":["https:\/\/opinionpublica.com.ar\/index\/wp-content\/uploads\/2025\/05\/TOLHUIN-AVANZA-CON-LA-EXTENSION-DE-LA-RED-DE-GAS-300x200.webp",300,200,true],"medium_large":["https:\/\/opinionpublica.com.ar\/index\/wp-content\/uploads\/2025\/05\/TOLHUIN-AVANZA-CON-LA-EXTENSION-DE-LA-RED-DE-GAS-768x512.webp",640,427,true],"large":["https:\/\/opinionpublica.com.ar\/index\/wp-content\/uploads\/2025\/05\/TOLHUIN-AVANZA-CON-LA-EXTENSION-DE-LA-RED-DE-GAS-1024x683.webp",640,427,true],"1536x1536":["https:\/\/opinionpublica.com.ar\/index\/wp-content\/uploads\/2025\/05\/TOLHUIN-AVANZA-CON-LA-EXTENSION-DE-LA-RED-DE-GAS.webp",1280,854,false],"2048x2048":["https:\/\/opinionpublica.com.ar\/index\/wp-content\/uploads\/2025\/05\/TOLHUIN-AVANZA-CON-LA-EXTENSION-DE-LA-RED-DE-GAS.webp",1280,854,false],"morenews-large":["https:\/\/opinionpublica.com.ar\/index\/wp-content\/uploads\/2025\/05\/TOLHUIN-AVANZA-CON-LA-EXTENSION-DE-LA-RED-DE-GAS-825x575.webp",825,575,true],"morenews-medium":["https:\/\/opinionpublica.com.ar\/index\/wp-content\/uploads\/2025\/05\/TOLHUIN-AVANZA-CON-LA-EXTENSION-DE-LA-RED-DE-GAS-590x410.webp",590,410,true]},"author_info":{"display_name":"Hal","author_link":"https:\/\/opinionpublica.com.ar\/index\/author\/hal\/"},"category_info":"<a href=\"https:\/\/opinionpublica.com.ar\/index\/category\/ushuaia\/\" rel=\"category tag\">Ushuaia<\/a>","tag_info":"Ushuaia","comment_count":"0","_links":{"self":[{"href":"https:\/\/opinionpublica.com.ar\/index\/wp-json\/wp\/v2\/posts\/12707","targetHints":{"allow":["GET"]}}],"collection":[{"href":"https:\/\/opinionpublica.com.ar\/index\/wp-json\/wp\/v2\/posts"}],"about":[{"href":"https:\/\/opinionpublica.com.ar\/index\/wp-json\/wp\/v2\/types\/post"}],"author":[{"embeddable":true,"href":"https:\/\/opinionpublica.com.ar\/index\/wp-json\/wp\/v2\/users\/5"}],"replies":[{"embeddable":true,"href":"https:\/\/opinionpublica.com.ar\/index\/wp-json\/wp\/v2\/comments?post=12707"}],"version-history":[{"count":1,"href":"https:\/\/opinionpublica.com.ar\/index\/wp-json\/wp\/v2\/posts\/12707\/revisions"}],"predecessor-version":[{"id":12708,"href":"https:\/\/opinionpublica.com.ar\/index\/wp-json\/wp\/v2\/posts\/12707\/revisions\/12708"}],"wp:featuredmedia":[{"embeddable":true,"href":"https:\/\/opinionpublica.com.ar\/index\/wp-json\/wp\/v2\/media\/9641"}],"wp:attachment":[{"href":"https:\/\/opinionpublica.com.ar\/index\/wp-json\/wp\/v2\/media?parent=12707"}],"wp:term":[{"taxonomy":"category","embeddable":true,"href":"https:\/\/opinionpublica.com.ar\/index\/wp-json\/wp\/v2\/categories?post=12707"},{"taxonomy":"post_tag","embeddable":true,"href":"https:\/\/opinionpublica.com.ar\/index\/wp-json\/wp\/v2\/tags?post=12707"}],"curies":[{"name":"wp","href":"https:\/\/api.w.org\/{rel}","templated":true}]}}