{"id":12709,"date":"2026-03-17T12:39:14","date_gmt":"2026-03-17T15:39:14","guid":{"rendered":"https:\/\/opinionpublica.com.ar\/index\/?p=12709"},"modified":"2026-03-17T12:39:14","modified_gmt":"2026-03-17T15:39:14","slug":"transporte-publico-en-rio-grande-un-parche-tras-otro","status":"publish","type":"post","link":"https:\/\/opinionpublica.com.ar\/index\/transporte-publico-en-rio-grande-un-parche-tras-otro\/","title":{"rendered":"Transporte p\u00fablico en R\u00edo Grande: Un parche tras otro"},"content":{"rendered":"<h3>Transporte p\u00fablico en R\u00edo Grande: Un parche tras otro<\/h3>\n<p><a href=\"https:\/\/opinionpublica.com.ar\/index\/wp-content\/uploads\/2024\/03\/colectivo-rio-grande.jpg\"><img fetchpriority=\"high\" decoding=\"async\" class=\"alignnone size-full wp-image-932\" src=\"https:\/\/opinionpublica.com.ar\/index\/wp-content\/uploads\/2024\/03\/colectivo-rio-grande.jpg\" alt=\"\" width=\"275\" height=\"183\" \/><\/a><\/p>\n<p>La Municipalidad de R\u00edo Grande anunci\u00f3 cambios en los recorridos de las l\u00edneas A y E por trabajos de pavimentaci\u00f3n, pero el problema es de fondo. Los vecinos denuncian frecuencias insuficientes y unidades en mal estado que no logran cubrir la demanda de una ciudad en crecimiento. El transporte p\u00fablico se ha convertido en un obst\u00e1culo diario para el trabajador, mientras los anuncios de obras viales parecen m\u00e1s una molestia de tr\u00e1nsito que un avance planificado. La desconexi\u00f3n entre los barrios y el centro es una muestra m\u00e1s de una gesti\u00f3n que llega tarde a todos lados.<\/p>\n<p>&nbsp;<\/p>\n","protected":false},"excerpt":{"rendered":"<p>Transporte p\u00fablico en R\u00edo Grande: Un parche tras otro La Municipalidad de R\u00edo Grande anunci\u00f3 cambios en los<\/p>\n","protected":false},"author":5,"featured_media":932,"comment_status":"open","ping_status":"open","sticky":false,"template":"","format":"standard","meta":{"footnotes":""},"categories":[25],"tags":[],"class_list":["post-12709","post","type-post","status-publish","format-standard","has-post-thumbnail","hentry","category-rio-grande"],"featured_image_urls":{"full":["https:\/\/opinionpublica.com.ar\/index\/wp-content\/uploads\/2024\/03\/colectivo-rio-grande.jpg",275,183,false],"thumbnail":["https:\/\/opinionpublica.com.ar\/index\/wp-content\/uploads\/2024\/03\/colectivo-rio-grande-150x150.jpg",150,150,true],"medium":["https:\/\/opinionpublica.com.ar\/index\/wp-content\/uploads\/2024\/03\/colectivo-rio-grande.jpg",275,183,false],"medium_large":["https:\/\/opinionpublica.com.ar\/index\/wp-content\/uploads\/2024\/03\/colectivo-rio-grande.jpg",275,183,false],"large":["https:\/\/opinionpublica.com.ar\/index\/wp-content\/uploads\/2024\/03\/colectivo-rio-grande.jpg",275,183,false],"1536x1536":["https:\/\/opinionpublica.com.ar\/index\/wp-content\/uploads\/2024\/03\/colectivo-rio-grande.jpg",275,183,false],"2048x2048":["https:\/\/opinionpublica.com.ar\/index\/wp-content\/uploads\/2024\/03\/colectivo-rio-grande.jpg",275,183,false],"morenews-large":["https:\/\/opinionpublica.com.ar\/index\/wp-content\/uploads\/2024\/03\/colectivo-rio-grande.jpg",275,183,false],"morenews-medium":["https:\/\/opinionpublica.com.ar\/index\/wp-content\/uploads\/2024\/03\/colectivo-rio-grande.jpg",275,183,false]},"author_info":{"display_name":"Hal","author_link":"https:\/\/opinionpublica.com.ar\/index\/author\/hal\/"},"category_info":"<a href=\"https:\/\/opinionpublica.com.ar\/index\/category\/rio-grande\/\" rel=\"category tag\">Rio Grande<\/a>","tag_info":"Rio Grande","comment_count":"0","_links":{"self":[{"href":"https:\/\/opinionpublica.com.ar\/index\/wp-json\/wp\/v2\/posts\/12709","targetHints":{"allow":["GET"]}}],"collection":[{"href":"https:\/\/opinionpublica.com.ar\/index\/wp-json\/wp\/v2\/posts"}],"about":[{"href":"https:\/\/opinionpublica.com.ar\/index\/wp-json\/wp\/v2\/types\/post"}],"author":[{"embeddable":true,"href":"https:\/\/opinionpublica.com.ar\/index\/wp-json\/wp\/v2\/users\/5"}],"replies":[{"embeddable":true,"href":"https:\/\/opinionpublica.com.ar\/index\/wp-json\/wp\/v2\/comments?post=12709"}],"version-history":[{"count":1,"href":"https:\/\/opinionpublica.com.ar\/index\/wp-json\/wp\/v2\/posts\/12709\/revisions"}],"predecessor-version":[{"id":12710,"href":"https:\/\/opinionpublica.com.ar\/index\/wp-json\/wp\/v2\/posts\/12709\/revisions\/12710"}],"wp:featuredmedia":[{"embeddable":true,"href":"https:\/\/opinionpublica.com.ar\/index\/wp-json\/wp\/v2\/media\/932"}],"wp:attachment":[{"href":"https:\/\/opinionpublica.com.ar\/index\/wp-json\/wp\/v2\/media?parent=12709"}],"wp:term":[{"taxonomy":"category","embeddable":true,"href":"https:\/\/opinionpublica.com.ar\/index\/wp-json\/wp\/v2\/categories?post=12709"},{"taxonomy":"post_tag","embeddable":true,"href":"https:\/\/opinionpublica.com.ar\/index\/wp-json\/wp\/v2\/tags?post=12709"}],"curies":[{"name":"wp","href":"https:\/\/api.w.org\/{rel}","templated":true}]}}