{"id":12714,"date":"2026-03-18T09:36:59","date_gmt":"2026-03-18T12:36:59","guid":{"rendered":"https:\/\/opinionpublica.com.ar\/index\/?p=12714"},"modified":"2026-03-18T09:36:59","modified_gmt":"2026-03-18T12:36:59","slug":"coparticipacion-en-goteo-la-guerra-fria-entre-melella-y-los-intendentes-por-los-fondos","status":"publish","type":"post","link":"https:\/\/opinionpublica.com.ar\/index\/coparticipacion-en-goteo-la-guerra-fria-entre-melella-y-los-intendentes-por-los-fondos\/","title":{"rendered":"Coparticipaci\u00f3n en goteo: La guerra fr\u00eda entre Melella y los Intendentes por los fondos"},"content":{"rendered":"<h3>Coparticipaci\u00f3n en goteo: La guerra fr\u00eda entre Melella y los Intendentes por los fondos<\/h3>\n<p><a href=\"https:\/\/opinionpublica.com.ar\/index\/wp-content\/uploads\/2025\/06\/20230511114858_melella_perez_vuoto.jpg\"><img fetchpriority=\"high\" decoding=\"async\" class=\"alignnone size-full wp-image-9964\" src=\"https:\/\/opinionpublica.com.ar\/index\/wp-content\/uploads\/2025\/06\/20230511114858_melella_perez_vuoto.jpg\" alt=\"\" width=\"880\" height=\"586\" srcset=\"https:\/\/opinionpublica.com.ar\/index\/wp-content\/uploads\/2025\/06\/20230511114858_melella_perez_vuoto.jpg 880w, https:\/\/opinionpublica.com.ar\/index\/wp-content\/uploads\/2025\/06\/20230511114858_melella_perez_vuoto-300x200.jpg 300w, https:\/\/opinionpublica.com.ar\/index\/wp-content\/uploads\/2025\/06\/20230511114858_melella_perez_vuoto-768x511.jpg 768w\" sizes=\"(max-width: 880px) 100vw, 880px\" \/><\/a><\/p>\n<p>La interna pol\u00edtica se agudiza por la falta de billetes. El gobernador Melella admiti\u00f3 retrasos sistem\u00e1ticos en el giro de fondos a los municipios, afectando directamente las obras y servicios de R\u00edo Grande y Ushuaia. Con una deuda que escala a los 12.000 millones de pesos, los intendentes empiezan a recortar servicios b\u00e1sicos mientras cruzan acusaciones con la Casa de Gobierno. Esta par\u00e1lisis administrativa demuestra que, cuando los recursos escasean, la \u00abunidad\u00bb pol\u00edtica del oficialismo desaparece, dejando a los vecinos como rehenes de su inoperancia financiera<\/p>\n","protected":false},"excerpt":{"rendered":"<p>Coparticipaci\u00f3n en goteo: La guerra fr\u00eda entre Melella y los Intendentes por los fondos La interna pol\u00edtica se<\/p>\n","protected":false},"author":5,"featured_media":9964,"comment_status":"open","ping_status":"open","sticky":false,"template":"","format":"standard","meta":{"footnotes":""},"categories":[2],"tags":[],"class_list":["post-12714","post","type-post","status-publish","format-standard","has-post-thumbnail","hentry","category-tierra-del-fuego"],"featured_image_urls":{"full":["https:\/\/opinionpublica.com.ar\/index\/wp-content\/uploads\/2025\/06\/20230511114858_melella_perez_vuoto.jpg",880,586,false],"thumbnail":["https:\/\/opinionpublica.com.ar\/index\/wp-content\/uploads\/2025\/06\/20230511114858_melella_perez_vuoto-150x150.jpg",150,150,true],"medium":["https:\/\/opinionpublica.com.ar\/index\/wp-content\/uploads\/2025\/06\/20230511114858_melella_perez_vuoto-300x200.jpg",300,200,true],"medium_large":["https:\/\/opinionpublica.com.ar\/index\/wp-content\/uploads\/2025\/06\/20230511114858_melella_perez_vuoto-768x511.jpg",640,426,true],"large":["https:\/\/opinionpublica.com.ar\/index\/wp-content\/uploads\/2025\/06\/20230511114858_melella_perez_vuoto.jpg",640,426,false],"1536x1536":["https:\/\/opinionpublica.com.ar\/index\/wp-content\/uploads\/2025\/06\/20230511114858_melella_perez_vuoto.jpg",880,586,false],"2048x2048":["https:\/\/opinionpublica.com.ar\/index\/wp-content\/uploads\/2025\/06\/20230511114858_melella_perez_vuoto.jpg",880,586,false],"morenews-large":["https:\/\/opinionpublica.com.ar\/index\/wp-content\/uploads\/2025\/06\/20230511114858_melella_perez_vuoto-825x575.jpg",825,575,true],"morenews-medium":["https:\/\/opinionpublica.com.ar\/index\/wp-content\/uploads\/2025\/06\/20230511114858_melella_perez_vuoto-590x410.jpg",590,410,true]},"author_info":{"display_name":"Hal","author_link":"https:\/\/opinionpublica.com.ar\/index\/author\/hal\/"},"category_info":"<a href=\"https:\/\/opinionpublica.com.ar\/index\/category\/tierra-del-fuego\/\" rel=\"category tag\">Tierra del Fuego<\/a>","tag_info":"Tierra del Fuego","comment_count":"0","_links":{"self":[{"href":"https:\/\/opinionpublica.com.ar\/index\/wp-json\/wp\/v2\/posts\/12714","targetHints":{"allow":["GET"]}}],"collection":[{"href":"https:\/\/opinionpublica.com.ar\/index\/wp-json\/wp\/v2\/posts"}],"about":[{"href":"https:\/\/opinionpublica.com.ar\/index\/wp-json\/wp\/v2\/types\/post"}],"author":[{"embeddable":true,"href":"https:\/\/opinionpublica.com.ar\/index\/wp-json\/wp\/v2\/users\/5"}],"replies":[{"embeddable":true,"href":"https:\/\/opinionpublica.com.ar\/index\/wp-json\/wp\/v2\/comments?post=12714"}],"version-history":[{"count":1,"href":"https:\/\/opinionpublica.com.ar\/index\/wp-json\/wp\/v2\/posts\/12714\/revisions"}],"predecessor-version":[{"id":12715,"href":"https:\/\/opinionpublica.com.ar\/index\/wp-json\/wp\/v2\/posts\/12714\/revisions\/12715"}],"wp:featuredmedia":[{"embeddable":true,"href":"https:\/\/opinionpublica.com.ar\/index\/wp-json\/wp\/v2\/media\/9964"}],"wp:attachment":[{"href":"https:\/\/opinionpublica.com.ar\/index\/wp-json\/wp\/v2\/media?parent=12714"}],"wp:term":[{"taxonomy":"category","embeddable":true,"href":"https:\/\/opinionpublica.com.ar\/index\/wp-json\/wp\/v2\/categories?post=12714"},{"taxonomy":"post_tag","embeddable":true,"href":"https:\/\/opinionpublica.com.ar\/index\/wp-json\/wp\/v2\/tags?post=12714"}],"curies":[{"name":"wp","href":"https:\/\/api.w.org\/{rel}","templated":true}]}}