{"id":12717,"date":"2026-03-18T09:55:29","date_gmt":"2026-03-18T12:55:29","guid":{"rendered":"https:\/\/opinionpublica.com.ar\/index\/?p=12717"},"modified":"2026-03-18T09:55:29","modified_gmt":"2026-03-18T12:55:29","slug":"educacion-bajo-fuego-docentes-inician-semana-de-paro-contra-el-ajuste-de-melella","status":"publish","type":"post","link":"https:\/\/opinionpublica.com.ar\/index\/educacion-bajo-fuego-docentes-inician-semana-de-paro-contra-el-ajuste-de-melella\/","title":{"rendered":"Educaci\u00f3n bajo fuego: Docentes inician semana de paro contra el ajuste de Melella"},"content":{"rendered":"<h3>Educaci\u00f3n bajo fuego: Docentes inician semana de paro contra el ajuste de Melella<\/h3>\n<p><a href=\"https:\/\/opinionpublica.com.ar\/index\/wp-content\/uploads\/2024\/06\/docentes-tierra-del-fuego.jpg\"><img fetchpriority=\"high\" decoding=\"async\" class=\"alignnone size-full wp-image-3592\" src=\"https:\/\/opinionpublica.com.ar\/index\/wp-content\/uploads\/2024\/06\/docentes-tierra-del-fuego.jpg\" alt=\"\" width=\"880\" height=\"586\" srcset=\"https:\/\/opinionpublica.com.ar\/index\/wp-content\/uploads\/2024\/06\/docentes-tierra-del-fuego.jpg 880w, https:\/\/opinionpublica.com.ar\/index\/wp-content\/uploads\/2024\/06\/docentes-tierra-del-fuego-300x200.jpg 300w, https:\/\/opinionpublica.com.ar\/index\/wp-content\/uploads\/2024\/06\/docentes-tierra-del-fuego-768x511.jpg 768w\" sizes=\"(max-width: 880px) 100vw, 880px\" \/><\/a><\/p>\n<p>El ciclo lectivo 2026 es otra vez un simulacro. El gremio SUTEF ha lanzado una semana de desobligaciones y movilizaciones en rechazo a las propuestas salariales que consideran \u00abinsultantes\u00bb frente a la inflaci\u00f3n patag\u00f3nica. La respuesta del Gobierno ha sido sugerir la creaci\u00f3n de nuevos impuestos al sector privado para financiar la educaci\u00f3n, una medida desesperada que traslada el costo de su mala gesti\u00f3n a los comerciantes y emprendedores. Las aulas vac\u00edas son el testimonio m\u00e1s claro del fracaso de la pol\u00edtica educativa provincial.<\/p>\n","protected":false},"excerpt":{"rendered":"<p>Educaci\u00f3n bajo fuego: Docentes inician semana de paro contra el ajuste de Melella El ciclo lectivo 2026 es<\/p>\n","protected":false},"author":5,"featured_media":3592,"comment_status":"open","ping_status":"open","sticky":false,"template":"","format":"standard","meta":{"footnotes":""},"categories":[2],"tags":[],"class_list":["post-12717","post","type-post","status-publish","format-standard","has-post-thumbnail","hentry","category-tierra-del-fuego"],"featured_image_urls":{"full":["https:\/\/opinionpublica.com.ar\/index\/wp-content\/uploads\/2024\/06\/docentes-tierra-del-fuego.jpg",880,586,false],"thumbnail":["https:\/\/opinionpublica.com.ar\/index\/wp-content\/uploads\/2024\/06\/docentes-tierra-del-fuego-150x150.jpg",150,150,true],"medium":["https:\/\/opinionpublica.com.ar\/index\/wp-content\/uploads\/2024\/06\/docentes-tierra-del-fuego-300x200.jpg",300,200,true],"medium_large":["https:\/\/opinionpublica.com.ar\/index\/wp-content\/uploads\/2024\/06\/docentes-tierra-del-fuego-768x511.jpg",640,426,true],"large":["https:\/\/opinionpublica.com.ar\/index\/wp-content\/uploads\/2024\/06\/docentes-tierra-del-fuego.jpg",640,426,false],"1536x1536":["https:\/\/opinionpublica.com.ar\/index\/wp-content\/uploads\/2024\/06\/docentes-tierra-del-fuego.jpg",880,586,false],"2048x2048":["https:\/\/opinionpublica.com.ar\/index\/wp-content\/uploads\/2024\/06\/docentes-tierra-del-fuego.jpg",880,586,false],"morenews-large":["https:\/\/opinionpublica.com.ar\/index\/wp-content\/uploads\/2024\/06\/docentes-tierra-del-fuego-825x575.jpg",825,575,true],"morenews-medium":["https:\/\/opinionpublica.com.ar\/index\/wp-content\/uploads\/2024\/06\/docentes-tierra-del-fuego-590x410.jpg",590,410,true]},"author_info":{"display_name":"Hal","author_link":"https:\/\/opinionpublica.com.ar\/index\/author\/hal\/"},"category_info":"<a href=\"https:\/\/opinionpublica.com.ar\/index\/category\/tierra-del-fuego\/\" rel=\"category tag\">Tierra del Fuego<\/a>","tag_info":"Tierra del Fuego","comment_count":"0","_links":{"self":[{"href":"https:\/\/opinionpublica.com.ar\/index\/wp-json\/wp\/v2\/posts\/12717","targetHints":{"allow":["GET"]}}],"collection":[{"href":"https:\/\/opinionpublica.com.ar\/index\/wp-json\/wp\/v2\/posts"}],"about":[{"href":"https:\/\/opinionpublica.com.ar\/index\/wp-json\/wp\/v2\/types\/post"}],"author":[{"embeddable":true,"href":"https:\/\/opinionpublica.com.ar\/index\/wp-json\/wp\/v2\/users\/5"}],"replies":[{"embeddable":true,"href":"https:\/\/opinionpublica.com.ar\/index\/wp-json\/wp\/v2\/comments?post=12717"}],"version-history":[{"count":1,"href":"https:\/\/opinionpublica.com.ar\/index\/wp-json\/wp\/v2\/posts\/12717\/revisions"}],"predecessor-version":[{"id":12719,"href":"https:\/\/opinionpublica.com.ar\/index\/wp-json\/wp\/v2\/posts\/12717\/revisions\/12719"}],"wp:featuredmedia":[{"embeddable":true,"href":"https:\/\/opinionpublica.com.ar\/index\/wp-json\/wp\/v2\/media\/3592"}],"wp:attachment":[{"href":"https:\/\/opinionpublica.com.ar\/index\/wp-json\/wp\/v2\/media?parent=12717"}],"wp:term":[{"taxonomy":"category","embeddable":true,"href":"https:\/\/opinionpublica.com.ar\/index\/wp-json\/wp\/v2\/categories?post=12717"},{"taxonomy":"post_tag","embeddable":true,"href":"https:\/\/opinionpublica.com.ar\/index\/wp-json\/wp\/v2\/tags?post=12717"}],"curies":[{"name":"wp","href":"https:\/\/api.w.org\/{rel}","templated":true}]}}