{"id":12803,"date":"2026-03-25T11:20:20","date_gmt":"2026-03-25T14:20:20","guid":{"rendered":"https:\/\/opinionpublica.com.ar\/index\/?p=12803"},"modified":"2026-03-25T11:20:20","modified_gmt":"2026-03-25T14:20:20","slug":"melella-en-modo-recreo-el-gobernador-pasea-mientras-la-provincia-se-hunde","status":"publish","type":"post","link":"https:\/\/opinionpublica.com.ar\/index\/melella-en-modo-recreo-el-gobernador-pasea-mientras-la-provincia-se-hunde\/","title":{"rendered":"Melella en modo recreo\u00bb: El Gobernador pasea mientras la provincia se hunde"},"content":{"rendered":"<h3>Melella en modo recreo\u00bb: El Gobernador pasea mientras la provincia se hunde<\/h3>\n<p><a href=\"https:\/\/opinionpublica.com.ar\/index\/wp-content\/uploads\/2025\/05\/20250507032347_photo_2025_05_07_03_24_02-melella.jpg\"><img fetchpriority=\"high\" decoding=\"async\" class=\"alignnone size-full wp-image-9648\" src=\"https:\/\/opinionpublica.com.ar\/index\/wp-content\/uploads\/2025\/05\/20250507032347_photo_2025_05_07_03_24_02-melella.jpg\" alt=\"\" width=\"880\" height=\"586\" srcset=\"https:\/\/opinionpublica.com.ar\/index\/wp-content\/uploads\/2025\/05\/20250507032347_photo_2025_05_07_03_24_02-melella.jpg 880w, https:\/\/opinionpublica.com.ar\/index\/wp-content\/uploads\/2025\/05\/20250507032347_photo_2025_05_07_03_24_02-melella-300x200.jpg 300w, https:\/\/opinionpublica.com.ar\/index\/wp-content\/uploads\/2025\/05\/20250507032347_photo_2025_05_07_03_24_02-melella-768x511.jpg 768w\" sizes=\"(max-width: 880px) 100vw, 880px\" \/><\/a><\/p>\n<p>En medio de la crisis financiera m\u00e1s profunda de los \u00faltimos 25 a\u00f1os, se vio al mandatario provincial realizando recorridas recreativas en el Parque Nacional. La imagen gener\u00f3 indignaci\u00f3n en las redes y portales locales: mientras los salarios estatales pierden contra la inflaci\u00f3n y la deuda asfixia a los municipios, el jefe de Estado parece vivir en una realidad paralela de \u00abnuevo impulso\u00bb que no llega a la calle.<\/p>\n","protected":false},"excerpt":{"rendered":"<p>Melella en modo recreo\u00bb: El Gobernador pasea mientras la provincia se hunde En medio de la crisis financiera<\/p>\n","protected":false},"author":5,"featured_media":9648,"comment_status":"open","ping_status":"open","sticky":false,"template":"","format":"standard","meta":{"footnotes":""},"categories":[2],"tags":[],"class_list":["post-12803","post","type-post","status-publish","format-standard","has-post-thumbnail","hentry","category-tierra-del-fuego"],"featured_image_urls":{"full":["https:\/\/opinionpublica.com.ar\/index\/wp-content\/uploads\/2025\/05\/20250507032347_photo_2025_05_07_03_24_02-melella.jpg",880,586,false],"thumbnail":["https:\/\/opinionpublica.com.ar\/index\/wp-content\/uploads\/2025\/05\/20250507032347_photo_2025_05_07_03_24_02-melella-150x150.jpg",150,150,true],"medium":["https:\/\/opinionpublica.com.ar\/index\/wp-content\/uploads\/2025\/05\/20250507032347_photo_2025_05_07_03_24_02-melella-300x200.jpg",300,200,true],"medium_large":["https:\/\/opinionpublica.com.ar\/index\/wp-content\/uploads\/2025\/05\/20250507032347_photo_2025_05_07_03_24_02-melella-768x511.jpg",640,426,true],"large":["https:\/\/opinionpublica.com.ar\/index\/wp-content\/uploads\/2025\/05\/20250507032347_photo_2025_05_07_03_24_02-melella.jpg",640,426,false],"1536x1536":["https:\/\/opinionpublica.com.ar\/index\/wp-content\/uploads\/2025\/05\/20250507032347_photo_2025_05_07_03_24_02-melella.jpg",880,586,false],"2048x2048":["https:\/\/opinionpublica.com.ar\/index\/wp-content\/uploads\/2025\/05\/20250507032347_photo_2025_05_07_03_24_02-melella.jpg",880,586,false],"morenews-large":["https:\/\/opinionpublica.com.ar\/index\/wp-content\/uploads\/2025\/05\/20250507032347_photo_2025_05_07_03_24_02-melella-825x575.jpg",825,575,true],"morenews-medium":["https:\/\/opinionpublica.com.ar\/index\/wp-content\/uploads\/2025\/05\/20250507032347_photo_2025_05_07_03_24_02-melella-590x410.jpg",590,410,true]},"author_info":{"display_name":"Hal","author_link":"https:\/\/opinionpublica.com.ar\/index\/author\/hal\/"},"category_info":"<a href=\"https:\/\/opinionpublica.com.ar\/index\/category\/tierra-del-fuego\/\" rel=\"category tag\">Tierra del Fuego<\/a>","tag_info":"Tierra del Fuego","comment_count":"0","_links":{"self":[{"href":"https:\/\/opinionpublica.com.ar\/index\/wp-json\/wp\/v2\/posts\/12803","targetHints":{"allow":["GET"]}}],"collection":[{"href":"https:\/\/opinionpublica.com.ar\/index\/wp-json\/wp\/v2\/posts"}],"about":[{"href":"https:\/\/opinionpublica.com.ar\/index\/wp-json\/wp\/v2\/types\/post"}],"author":[{"embeddable":true,"href":"https:\/\/opinionpublica.com.ar\/index\/wp-json\/wp\/v2\/users\/5"}],"replies":[{"embeddable":true,"href":"https:\/\/opinionpublica.com.ar\/index\/wp-json\/wp\/v2\/comments?post=12803"}],"version-history":[{"count":1,"href":"https:\/\/opinionpublica.com.ar\/index\/wp-json\/wp\/v2\/posts\/12803\/revisions"}],"predecessor-version":[{"id":12804,"href":"https:\/\/opinionpublica.com.ar\/index\/wp-json\/wp\/v2\/posts\/12803\/revisions\/12804"}],"wp:featuredmedia":[{"embeddable":true,"href":"https:\/\/opinionpublica.com.ar\/index\/wp-json\/wp\/v2\/media\/9648"}],"wp:attachment":[{"href":"https:\/\/opinionpublica.com.ar\/index\/wp-json\/wp\/v2\/media?parent=12803"}],"wp:term":[{"taxonomy":"category","embeddable":true,"href":"https:\/\/opinionpublica.com.ar\/index\/wp-json\/wp\/v2\/categories?post=12803"},{"taxonomy":"post_tag","embeddable":true,"href":"https:\/\/opinionpublica.com.ar\/index\/wp-json\/wp\/v2\/tags?post=12803"}],"curies":[{"name":"wp","href":"https:\/\/api.w.org\/{rel}","templated":true}]}}