{"id":12808,"date":"2026-03-26T12:25:43","date_gmt":"2026-03-26T15:25:43","guid":{"rendered":"https:\/\/opinionpublica.com.ar\/index\/?p=12808"},"modified":"2026-03-26T12:25:43","modified_gmt":"2026-03-26T15:25:43","slug":"melella-anuncia-paquete-de-medidas-para-enfrentar-la-crisis","status":"publish","type":"post","link":"https:\/\/opinionpublica.com.ar\/index\/melella-anuncia-paquete-de-medidas-para-enfrentar-la-crisis\/","title":{"rendered":"MELELLA ANUNCIA PAQUETE DE MEDIDAS PARA ENFRENTAR LA CRISIS"},"content":{"rendered":"<h3>MELELLA ANUNCIA PAQUETE DE MEDIDAS PARA ENFRENTAR LA CRISIS<\/h3>\n<p><a href=\"https:\/\/opinionpublica.com.ar\/index\/wp-content\/uploads\/2024\/05\/melella-1.jpg\"><img fetchpriority=\"high\" decoding=\"async\" class=\"alignnone size-full wp-image-3414\" src=\"https:\/\/opinionpublica.com.ar\/index\/wp-content\/uploads\/2024\/05\/melella-1.jpg\" alt=\"\" width=\"1280\" height=\"720\" srcset=\"https:\/\/opinionpublica.com.ar\/index\/wp-content\/uploads\/2024\/05\/melella-1.jpg 1280w, https:\/\/opinionpublica.com.ar\/index\/wp-content\/uploads\/2024\/05\/melella-1-300x169.jpg 300w, https:\/\/opinionpublica.com.ar\/index\/wp-content\/uploads\/2024\/05\/melella-1-1024x576.jpg 1024w, https:\/\/opinionpublica.com.ar\/index\/wp-content\/uploads\/2024\/05\/melella-1-768x432.jpg 768w\" sizes=\"(max-width: 1280px) 100vw, 1280px\" \/><\/a><\/p>\n<p>El gobernador de Tierra del Fuego, Melella, anunci\u00f3 un paquete de medidas para enfrentar la crisis econ\u00f3mica que afecta a la provincia. Seg\u00fan Melella, el paquete de leyes que se presentar\u00e1 ante la Legislatura tiene como objetivo la transformaci\u00f3n del Estado y la generaci\u00f3n de empleo. Sin embargo, la oposici\u00f3n cuestiona la efectividad de estas medidas y considera que no abordan los problemas estructurales de la provincia.<\/p>\n","protected":false},"excerpt":{"rendered":"<p>MELELLA ANUNCIA PAQUETE DE MEDIDAS PARA ENFRENTAR LA CRISIS El gobernador de Tierra del Fuego, Melella, anunci\u00f3 un<\/p>\n","protected":false},"author":5,"featured_media":3414,"comment_status":"open","ping_status":"open","sticky":false,"template":"","format":"standard","meta":{"footnotes":""},"categories":[2],"tags":[],"class_list":["post-12808","post","type-post","status-publish","format-standard","has-post-thumbnail","hentry","category-tierra-del-fuego"],"featured_image_urls":{"full":["https:\/\/opinionpublica.com.ar\/index\/wp-content\/uploads\/2024\/05\/melella-1.jpg",1280,720,false],"thumbnail":["https:\/\/opinionpublica.com.ar\/index\/wp-content\/uploads\/2024\/05\/melella-1-150x150.jpg",150,150,true],"medium":["https:\/\/opinionpublica.com.ar\/index\/wp-content\/uploads\/2024\/05\/melella-1-300x169.jpg",300,169,true],"medium_large":["https:\/\/opinionpublica.com.ar\/index\/wp-content\/uploads\/2024\/05\/melella-1-768x432.jpg",640,360,true],"large":["https:\/\/opinionpublica.com.ar\/index\/wp-content\/uploads\/2024\/05\/melella-1-1024x576.jpg",640,360,true],"1536x1536":["https:\/\/opinionpublica.com.ar\/index\/wp-content\/uploads\/2024\/05\/melella-1.jpg",1280,720,false],"2048x2048":["https:\/\/opinionpublica.com.ar\/index\/wp-content\/uploads\/2024\/05\/melella-1.jpg",1280,720,false],"morenews-large":["https:\/\/opinionpublica.com.ar\/index\/wp-content\/uploads\/2024\/05\/melella-1-825x575.jpg",825,575,true],"morenews-medium":["https:\/\/opinionpublica.com.ar\/index\/wp-content\/uploads\/2024\/05\/melella-1-590x410.jpg",590,410,true]},"author_info":{"display_name":"Hal","author_link":"https:\/\/opinionpublica.com.ar\/index\/author\/hal\/"},"category_info":"<a href=\"https:\/\/opinionpublica.com.ar\/index\/category\/tierra-del-fuego\/\" rel=\"category tag\">Tierra del Fuego<\/a>","tag_info":"Tierra del Fuego","comment_count":"0","_links":{"self":[{"href":"https:\/\/opinionpublica.com.ar\/index\/wp-json\/wp\/v2\/posts\/12808","targetHints":{"allow":["GET"]}}],"collection":[{"href":"https:\/\/opinionpublica.com.ar\/index\/wp-json\/wp\/v2\/posts"}],"about":[{"href":"https:\/\/opinionpublica.com.ar\/index\/wp-json\/wp\/v2\/types\/post"}],"author":[{"embeddable":true,"href":"https:\/\/opinionpublica.com.ar\/index\/wp-json\/wp\/v2\/users\/5"}],"replies":[{"embeddable":true,"href":"https:\/\/opinionpublica.com.ar\/index\/wp-json\/wp\/v2\/comments?post=12808"}],"version-history":[{"count":1,"href":"https:\/\/opinionpublica.com.ar\/index\/wp-json\/wp\/v2\/posts\/12808\/revisions"}],"predecessor-version":[{"id":12809,"href":"https:\/\/opinionpublica.com.ar\/index\/wp-json\/wp\/v2\/posts\/12808\/revisions\/12809"}],"wp:featuredmedia":[{"embeddable":true,"href":"https:\/\/opinionpublica.com.ar\/index\/wp-json\/wp\/v2\/media\/3414"}],"wp:attachment":[{"href":"https:\/\/opinionpublica.com.ar\/index\/wp-json\/wp\/v2\/media?parent=12808"}],"wp:term":[{"taxonomy":"category","embeddable":true,"href":"https:\/\/opinionpublica.com.ar\/index\/wp-json\/wp\/v2\/categories?post=12808"},{"taxonomy":"post_tag","embeddable":true,"href":"https:\/\/opinionpublica.com.ar\/index\/wp-json\/wp\/v2\/tags?post=12808"}],"curies":[{"name":"wp","href":"https:\/\/api.w.org\/{rel}","templated":true}]}}