{"id":12810,"date":"2026-03-26T12:29:36","date_gmt":"2026-03-26T15:29:36","guid":{"rendered":"https:\/\/opinionpublica.com.ar\/index\/?p=12810"},"modified":"2026-03-26T12:29:36","modified_gmt":"2026-03-26T15:29:36","slug":"la-provincia-en-crisis-caida-de-la-recaudacion-y-deuda-con-los-municipios","status":"publish","type":"post","link":"https:\/\/opinionpublica.com.ar\/index\/la-provincia-en-crisis-caida-de-la-recaudacion-y-deuda-con-los-municipios\/","title":{"rendered":"LA PROVINCIA EN CRISIS: CA\u00cdDA DE LA RECAUDACI\u00d3N Y DEUDA CON LOS MUNICIPIOS"},"content":{"rendered":"<h3>LA PROVINCIA EN CRISIS: CA\u00cdDA DE LA RECAUDACI\u00d3N Y DEUDA CON LOS MUNICIPIOS<\/h3>\n<p><a href=\"https:\/\/opinionpublica.com.ar\/index\/wp-content\/uploads\/2025\/09\/ciudad-ushuaia.jpg\"><img fetchpriority=\"high\" decoding=\"async\" class=\"alignnone size-full wp-image-11246\" src=\"https:\/\/opinionpublica.com.ar\/index\/wp-content\/uploads\/2025\/09\/ciudad-ushuaia.jpg\" alt=\"\" width=\"696\" height=\"522\" srcset=\"https:\/\/opinionpublica.com.ar\/index\/wp-content\/uploads\/2025\/09\/ciudad-ushuaia.jpg 696w, https:\/\/opinionpublica.com.ar\/index\/wp-content\/uploads\/2025\/09\/ciudad-ushuaia-300x225.jpg 300w\" sizes=\"(max-width: 696px) 100vw, 696px\" \/><\/a><\/p>\n<p>La provincia de Tierra del Fuego se encuentra en una situaci\u00f3n econ\u00f3mica cr\u00edtica, con una ca\u00edda significativa en la recaudaci\u00f3n y una deuda con los municipios que asciende a millones de pesos. El intendente de Ushuaia, Walter Vuoto, denunci\u00f3 que la provincia adeuda al municipio m\u00e1s de 11 mil millones de pesos en concepto de coparticipaci\u00f3n, lo que afecta gravemente las finanzas municipales.<\/p>\n","protected":false},"excerpt":{"rendered":"<p>LA PROVINCIA EN CRISIS: CA\u00cdDA DE LA RECAUDACI\u00d3N Y DEUDA CON LOS MUNICIPIOS La provincia de Tierra del<\/p>\n","protected":false},"author":5,"featured_media":11246,"comment_status":"open","ping_status":"open","sticky":false,"template":"","format":"standard","meta":{"footnotes":""},"categories":[2],"tags":[],"class_list":["post-12810","post","type-post","status-publish","format-standard","has-post-thumbnail","hentry","category-tierra-del-fuego"],"featured_image_urls":{"full":["https:\/\/opinionpublica.com.ar\/index\/wp-content\/uploads\/2025\/09\/ciudad-ushuaia.jpg",696,522,false],"thumbnail":["https:\/\/opinionpublica.com.ar\/index\/wp-content\/uploads\/2025\/09\/ciudad-ushuaia-150x150.jpg",150,150,true],"medium":["https:\/\/opinionpublica.com.ar\/index\/wp-content\/uploads\/2025\/09\/ciudad-ushuaia-300x225.jpg",300,225,true],"medium_large":["https:\/\/opinionpublica.com.ar\/index\/wp-content\/uploads\/2025\/09\/ciudad-ushuaia.jpg",640,480,false],"large":["https:\/\/opinionpublica.com.ar\/index\/wp-content\/uploads\/2025\/09\/ciudad-ushuaia.jpg",640,480,false],"1536x1536":["https:\/\/opinionpublica.com.ar\/index\/wp-content\/uploads\/2025\/09\/ciudad-ushuaia.jpg",696,522,false],"2048x2048":["https:\/\/opinionpublica.com.ar\/index\/wp-content\/uploads\/2025\/09\/ciudad-ushuaia.jpg",696,522,false],"morenews-large":["https:\/\/opinionpublica.com.ar\/index\/wp-content\/uploads\/2025\/09\/ciudad-ushuaia.jpg",696,522,false],"morenews-medium":["https:\/\/opinionpublica.com.ar\/index\/wp-content\/uploads\/2025\/09\/ciudad-ushuaia-590x410.jpg",590,410,true]},"author_info":{"display_name":"Hal","author_link":"https:\/\/opinionpublica.com.ar\/index\/author\/hal\/"},"category_info":"<a href=\"https:\/\/opinionpublica.com.ar\/index\/category\/tierra-del-fuego\/\" rel=\"category tag\">Tierra del Fuego<\/a>","tag_info":"Tierra del Fuego","comment_count":"0","_links":{"self":[{"href":"https:\/\/opinionpublica.com.ar\/index\/wp-json\/wp\/v2\/posts\/12810","targetHints":{"allow":["GET"]}}],"collection":[{"href":"https:\/\/opinionpublica.com.ar\/index\/wp-json\/wp\/v2\/posts"}],"about":[{"href":"https:\/\/opinionpublica.com.ar\/index\/wp-json\/wp\/v2\/types\/post"}],"author":[{"embeddable":true,"href":"https:\/\/opinionpublica.com.ar\/index\/wp-json\/wp\/v2\/users\/5"}],"replies":[{"embeddable":true,"href":"https:\/\/opinionpublica.com.ar\/index\/wp-json\/wp\/v2\/comments?post=12810"}],"version-history":[{"count":1,"href":"https:\/\/opinionpublica.com.ar\/index\/wp-json\/wp\/v2\/posts\/12810\/revisions"}],"predecessor-version":[{"id":12811,"href":"https:\/\/opinionpublica.com.ar\/index\/wp-json\/wp\/v2\/posts\/12810\/revisions\/12811"}],"wp:featuredmedia":[{"embeddable":true,"href":"https:\/\/opinionpublica.com.ar\/index\/wp-json\/wp\/v2\/media\/11246"}],"wp:attachment":[{"href":"https:\/\/opinionpublica.com.ar\/index\/wp-json\/wp\/v2\/media?parent=12810"}],"wp:term":[{"taxonomy":"category","embeddable":true,"href":"https:\/\/opinionpublica.com.ar\/index\/wp-json\/wp\/v2\/categories?post=12810"},{"taxonomy":"post_tag","embeddable":true,"href":"https:\/\/opinionpublica.com.ar\/index\/wp-json\/wp\/v2\/tags?post=12810"}],"curies":[{"name":"wp","href":"https:\/\/api.w.org\/{rel}","templated":true}]}}