{"id":12871,"date":"2026-03-31T11:28:39","date_gmt":"2026-03-31T14:28:39","guid":{"rendered":"https:\/\/opinionpublica.com.ar\/index\/?p=12871"},"modified":"2026-03-31T11:28:39","modified_gmt":"2026-03-31T14:28:39","slug":"berni-trump-necesita-tener-una-base-en-ushuaia-para-controlar-el-paso-ante-una-posible-guerra","status":"publish","type":"post","link":"https:\/\/opinionpublica.com.ar\/index\/berni-trump-necesita-tener-una-base-en-ushuaia-para-controlar-el-paso-ante-una-posible-guerra\/","title":{"rendered":"BERNI: \u00abTRUMP NECESITA TENER UNA BASE EN USHUAIA PARA CONTROLAR EL PASO ANTE UNA POSIBLE GUERRA\u00bb"},"content":{"rendered":"<p>BERNI: \u00abTRUMP NECESITA TENER UNA BASE EN USHUAIA PARA CONTROLAR EL PASO ANTE UNA POSIBLE GUERRA\u00bb<\/p>\n<p><a href=\"https:\/\/opinionpublica.com.ar\/index\/wp-content\/uploads\/2025\/10\/EUPQIJGMFRGTPNWDPWMZICR2YY.jpg\"><img fetchpriority=\"high\" decoding=\"async\" class=\"alignnone size-full wp-image-11433\" src=\"https:\/\/opinionpublica.com.ar\/index\/wp-content\/uploads\/2025\/10\/EUPQIJGMFRGTPNWDPWMZICR2YY.jpg\" alt=\"\" width=\"1920\" height=\"1080\" srcset=\"https:\/\/opinionpublica.com.ar\/index\/wp-content\/uploads\/2025\/10\/EUPQIJGMFRGTPNWDPWMZICR2YY.jpg 1920w, https:\/\/opinionpublica.com.ar\/index\/wp-content\/uploads\/2025\/10\/EUPQIJGMFRGTPNWDPWMZICR2YY-300x169.jpg 300w, https:\/\/opinionpublica.com.ar\/index\/wp-content\/uploads\/2025\/10\/EUPQIJGMFRGTPNWDPWMZICR2YY-1024x576.jpg 1024w, https:\/\/opinionpublica.com.ar\/index\/wp-content\/uploads\/2025\/10\/EUPQIJGMFRGTPNWDPWMZICR2YY-768x432.jpg 768w, https:\/\/opinionpublica.com.ar\/index\/wp-content\/uploads\/2025\/10\/EUPQIJGMFRGTPNWDPWMZICR2YY-1536x864.jpg 1536w\" sizes=\"(max-width: 1920px) 100vw, 1920px\" \/><\/a><\/p>\n<p>El senador Sergio Berni afirm\u00f3 que Donald Trump necesita tener una base en Ushuaia para controlar el paso entre el Atl\u00e1ntico y el Pac\u00edfico, ante una posible guerra entre Oriente y Occidente. Asegur\u00f3 que el gobierno de Javier Milei \u00abhizo todo lo posible\u00bb para que el presidente de Estados Unidos pueda tener dicha base.<\/p>\n","protected":false},"excerpt":{"rendered":"<p>BERNI: \u00abTRUMP NECESITA TENER UNA BASE EN USHUAIA PARA CONTROLAR EL PASO ANTE UNA POSIBLE GUERRA\u00bb El senador<\/p>\n","protected":false},"author":5,"featured_media":11433,"comment_status":"open","ping_status":"open","sticky":false,"template":"","format":"standard","meta":{"footnotes":""},"categories":[29,2],"tags":[],"class_list":["post-12871","post","type-post","status-publish","format-standard","has-post-thumbnail","hentry","category-interes-general","category-tierra-del-fuego"],"featured_image_urls":{"full":["https:\/\/opinionpublica.com.ar\/index\/wp-content\/uploads\/2025\/10\/EUPQIJGMFRGTPNWDPWMZICR2YY.jpg",1920,1080,false],"thumbnail":["https:\/\/opinionpublica.com.ar\/index\/wp-content\/uploads\/2025\/10\/EUPQIJGMFRGTPNWDPWMZICR2YY-150x150.jpg",150,150,true],"medium":["https:\/\/opinionpublica.com.ar\/index\/wp-content\/uploads\/2025\/10\/EUPQIJGMFRGTPNWDPWMZICR2YY-300x169.jpg",300,169,true],"medium_large":["https:\/\/opinionpublica.com.ar\/index\/wp-content\/uploads\/2025\/10\/EUPQIJGMFRGTPNWDPWMZICR2YY-768x432.jpg",640,360,true],"large":["https:\/\/opinionpublica.com.ar\/index\/wp-content\/uploads\/2025\/10\/EUPQIJGMFRGTPNWDPWMZICR2YY-1024x576.jpg",640,360,true],"1536x1536":["https:\/\/opinionpublica.com.ar\/index\/wp-content\/uploads\/2025\/10\/EUPQIJGMFRGTPNWDPWMZICR2YY-1536x864.jpg",1536,864,true],"2048x2048":["https:\/\/opinionpublica.com.ar\/index\/wp-content\/uploads\/2025\/10\/EUPQIJGMFRGTPNWDPWMZICR2YY.jpg",1920,1080,false],"morenews-large":["https:\/\/opinionpublica.com.ar\/index\/wp-content\/uploads\/2025\/10\/EUPQIJGMFRGTPNWDPWMZICR2YY-825x575.jpg",825,575,true],"morenews-medium":["https:\/\/opinionpublica.com.ar\/index\/wp-content\/uploads\/2025\/10\/EUPQIJGMFRGTPNWDPWMZICR2YY-590x410.jpg",590,410,true]},"author_info":{"display_name":"Hal","author_link":"https:\/\/opinionpublica.com.ar\/index\/author\/hal\/"},"category_info":"<a href=\"https:\/\/opinionpublica.com.ar\/index\/category\/interes-general\/\" rel=\"category tag\">Interes General<\/a> <a href=\"https:\/\/opinionpublica.com.ar\/index\/category\/tierra-del-fuego\/\" rel=\"category tag\">Tierra del Fuego<\/a>","tag_info":"Tierra del Fuego","comment_count":"0","_links":{"self":[{"href":"https:\/\/opinionpublica.com.ar\/index\/wp-json\/wp\/v2\/posts\/12871","targetHints":{"allow":["GET"]}}],"collection":[{"href":"https:\/\/opinionpublica.com.ar\/index\/wp-json\/wp\/v2\/posts"}],"about":[{"href":"https:\/\/opinionpublica.com.ar\/index\/wp-json\/wp\/v2\/types\/post"}],"author":[{"embeddable":true,"href":"https:\/\/opinionpublica.com.ar\/index\/wp-json\/wp\/v2\/users\/5"}],"replies":[{"embeddable":true,"href":"https:\/\/opinionpublica.com.ar\/index\/wp-json\/wp\/v2\/comments?post=12871"}],"version-history":[{"count":1,"href":"https:\/\/opinionpublica.com.ar\/index\/wp-json\/wp\/v2\/posts\/12871\/revisions"}],"predecessor-version":[{"id":12872,"href":"https:\/\/opinionpublica.com.ar\/index\/wp-json\/wp\/v2\/posts\/12871\/revisions\/12872"}],"wp:featuredmedia":[{"embeddable":true,"href":"https:\/\/opinionpublica.com.ar\/index\/wp-json\/wp\/v2\/media\/11433"}],"wp:attachment":[{"href":"https:\/\/opinionpublica.com.ar\/index\/wp-json\/wp\/v2\/media?parent=12871"}],"wp:term":[{"taxonomy":"category","embeddable":true,"href":"https:\/\/opinionpublica.com.ar\/index\/wp-json\/wp\/v2\/categories?post=12871"},{"taxonomy":"post_tag","embeddable":true,"href":"https:\/\/opinionpublica.com.ar\/index\/wp-json\/wp\/v2\/tags?post=12871"}],"curies":[{"name":"wp","href":"https:\/\/api.w.org\/{rel}","templated":true}]}}