{"id":12875,"date":"2026-03-31T11:35:24","date_gmt":"2026-03-31T14:35:24","guid":{"rendered":"https:\/\/opinionpublica.com.ar\/index\/?p=12875"},"modified":"2026-03-31T11:35:24","modified_gmt":"2026-03-31T14:35:24","slug":"la-gente-esta-muy-ansiosa-porque-la-libertad-avanza-gobierne-tierra-del-fuego","status":"publish","type":"post","link":"https:\/\/opinionpublica.com.ar\/index\/la-gente-esta-muy-ansiosa-porque-la-libertad-avanza-gobierne-tierra-del-fuego\/","title":{"rendered":"LA GENTE ESTA MUY ANSIOSA PORQUE LA LIBERTAD AVANZA GOBIERNE TIERRA DEL FUEGO"},"content":{"rendered":"<h3>LA GENTE ESTA MUY ANSIOSA PORQUE LA LIBERTAD AVANZA GOBIERNE TIERRA DEL FUEGO<\/h3>\n<p><a href=\"https:\/\/opinionpublica.com.ar\/index\/wp-content\/uploads\/2024\/07\/coto-graciania.jpg\"><img fetchpriority=\"high\" decoding=\"async\" class=\"alignnone size-full wp-image-4483\" src=\"https:\/\/opinionpublica.com.ar\/index\/wp-content\/uploads\/2024\/07\/coto-graciania.jpg\" alt=\"\" width=\"768\" height=\"442\" srcset=\"https:\/\/opinionpublica.com.ar\/index\/wp-content\/uploads\/2024\/07\/coto-graciania.jpg 768w, https:\/\/opinionpublica.com.ar\/index\/wp-content\/uploads\/2024\/07\/coto-graciania-300x173.jpg 300w\" sizes=\"(max-width: 768px) 100vw, 768px\" \/><\/a><\/p>\n<p>La legisladora Natalia Graciania asegur\u00f3 que la gente les solicita a los referentes del partido que encabeza Javier Milei, sus deseos de que el modelo nacional se traslade a la provincia. Afirm\u00f3 que \u00abla gente est\u00e1 ansiosa queriendo saber cu\u00e1ndo va a haber un cambio en Tierra del Fuego, cu\u00e1ndo las ideas de la libertad van a ser una realidad en Tierra del Fuego\u00bb.<\/p>\n","protected":false},"excerpt":{"rendered":"<p>LA GENTE ESTA MUY ANSIOSA PORQUE LA LIBERTAD AVANZA GOBIERNE TIERRA DEL FUEGO La legisladora Natalia Graciania asegur\u00f3<\/p>\n","protected":false},"author":5,"featured_media":4483,"comment_status":"open","ping_status":"open","sticky":false,"template":"","format":"standard","meta":{"footnotes":""},"categories":[27,2],"tags":[],"class_list":["post-12875","post","type-post","status-publish","format-standard","has-post-thumbnail","hentry","category-politica","category-tierra-del-fuego"],"featured_image_urls":{"full":["https:\/\/opinionpublica.com.ar\/index\/wp-content\/uploads\/2024\/07\/coto-graciania.jpg",768,442,false],"thumbnail":["https:\/\/opinionpublica.com.ar\/index\/wp-content\/uploads\/2024\/07\/coto-graciania-150x150.jpg",150,150,true],"medium":["https:\/\/opinionpublica.com.ar\/index\/wp-content\/uploads\/2024\/07\/coto-graciania-300x173.jpg",300,173,true],"medium_large":["https:\/\/opinionpublica.com.ar\/index\/wp-content\/uploads\/2024\/07\/coto-graciania.jpg",640,368,false],"large":["https:\/\/opinionpublica.com.ar\/index\/wp-content\/uploads\/2024\/07\/coto-graciania.jpg",640,368,false],"1536x1536":["https:\/\/opinionpublica.com.ar\/index\/wp-content\/uploads\/2024\/07\/coto-graciania.jpg",768,442,false],"2048x2048":["https:\/\/opinionpublica.com.ar\/index\/wp-content\/uploads\/2024\/07\/coto-graciania.jpg",768,442,false],"morenews-large":["https:\/\/opinionpublica.com.ar\/index\/wp-content\/uploads\/2024\/07\/coto-graciania.jpg",768,442,false],"morenews-medium":["https:\/\/opinionpublica.com.ar\/index\/wp-content\/uploads\/2024\/07\/coto-graciania-590x410.jpg",590,410,true]},"author_info":{"display_name":"Hal","author_link":"https:\/\/opinionpublica.com.ar\/index\/author\/hal\/"},"category_info":"<a href=\"https:\/\/opinionpublica.com.ar\/index\/category\/politica\/\" rel=\"category tag\">Politica<\/a> <a href=\"https:\/\/opinionpublica.com.ar\/index\/category\/tierra-del-fuego\/\" rel=\"category tag\">Tierra del Fuego<\/a>","tag_info":"Tierra del Fuego","comment_count":"0","_links":{"self":[{"href":"https:\/\/opinionpublica.com.ar\/index\/wp-json\/wp\/v2\/posts\/12875","targetHints":{"allow":["GET"]}}],"collection":[{"href":"https:\/\/opinionpublica.com.ar\/index\/wp-json\/wp\/v2\/posts"}],"about":[{"href":"https:\/\/opinionpublica.com.ar\/index\/wp-json\/wp\/v2\/types\/post"}],"author":[{"embeddable":true,"href":"https:\/\/opinionpublica.com.ar\/index\/wp-json\/wp\/v2\/users\/5"}],"replies":[{"embeddable":true,"href":"https:\/\/opinionpublica.com.ar\/index\/wp-json\/wp\/v2\/comments?post=12875"}],"version-history":[{"count":1,"href":"https:\/\/opinionpublica.com.ar\/index\/wp-json\/wp\/v2\/posts\/12875\/revisions"}],"predecessor-version":[{"id":12876,"href":"https:\/\/opinionpublica.com.ar\/index\/wp-json\/wp\/v2\/posts\/12875\/revisions\/12876"}],"wp:featuredmedia":[{"embeddable":true,"href":"https:\/\/opinionpublica.com.ar\/index\/wp-json\/wp\/v2\/media\/4483"}],"wp:attachment":[{"href":"https:\/\/opinionpublica.com.ar\/index\/wp-json\/wp\/v2\/media?parent=12875"}],"wp:term":[{"taxonomy":"category","embeddable":true,"href":"https:\/\/opinionpublica.com.ar\/index\/wp-json\/wp\/v2\/categories?post=12875"},{"taxonomy":"post_tag","embeddable":true,"href":"https:\/\/opinionpublica.com.ar\/index\/wp-json\/wp\/v2\/tags?post=12875"}],"curies":[{"name":"wp","href":"https:\/\/api.w.org\/{rel}","templated":true}]}}