{"id":12878,"date":"2026-03-31T12:26:04","date_gmt":"2026-03-31T15:26:04","guid":{"rendered":"https:\/\/opinionpublica.com.ar\/index\/?p=12878"},"modified":"2026-03-31T12:26:04","modified_gmt":"2026-03-31T15:26:04","slug":"municipio-de-rio-grande-extiende-hasta-fin-de-abril-las-bonificaciones-del-plan-de-alivio-fiscal-2026","status":"publish","type":"post","link":"https:\/\/opinionpublica.com.ar\/index\/municipio-de-rio-grande-extiende-hasta-fin-de-abril-las-bonificaciones-del-plan-de-alivio-fiscal-2026\/","title":{"rendered":"MUNICIPIO DE RIO GRANDE EXTIENDE HASTA FIN DE ABRIL LAS BONIFICACIONES DEL PLAN DE ALIVIO FISCAL 2026"},"content":{"rendered":"<h3>MUNICIPIO DE RIO GRANDE EXTIENDE HASTA FIN DE ABRIL LAS BONIFICACIONES DEL PLAN DE ALIVIO FISCAL 2026<\/h3>\n<p><a href=\"https:\/\/opinionpublica.com.ar\/index\/wp-content\/uploads\/2024\/07\/comercio-rio-grande.jpg\"><img fetchpriority=\"high\" decoding=\"async\" class=\"alignnone size-full wp-image-4621\" src=\"https:\/\/opinionpublica.com.ar\/index\/wp-content\/uploads\/2024\/07\/comercio-rio-grande.jpg\" alt=\"\" width=\"2000\" height=\"1126\" srcset=\"https:\/\/opinionpublica.com.ar\/index\/wp-content\/uploads\/2024\/07\/comercio-rio-grande.jpg 2000w, https:\/\/opinionpublica.com.ar\/index\/wp-content\/uploads\/2024\/07\/comercio-rio-grande-300x169.jpg 300w, https:\/\/opinionpublica.com.ar\/index\/wp-content\/uploads\/2024\/07\/comercio-rio-grande-1024x577.jpg 1024w, https:\/\/opinionpublica.com.ar\/index\/wp-content\/uploads\/2024\/07\/comercio-rio-grande-768x432.jpg 768w, https:\/\/opinionpublica.com.ar\/index\/wp-content\/uploads\/2024\/07\/comercio-rio-grande-1536x865.jpg 1536w\" sizes=\"(max-width: 2000px) 100vw, 2000px\" \/><\/a><\/p>\n<p>La Municipalidad de R\u00edo Grande anunci\u00f3 la extensi\u00f3n, durante todo abril, de las bonificaciones para el pago de impuestos municipales incluidas en el Plan de Alivio Fiscal 2026. La medida busca \u00abseguir acompa\u00f1ando a las familias riograndenses en un contexto econ\u00f3mico complejo, manteniendo los descuentos que permiten un ahorro real en las obligaciones tributarias\u00bb.<\/p>\n","protected":false},"excerpt":{"rendered":"<p>MUNICIPIO DE RIO GRANDE EXTIENDE HASTA FIN DE ABRIL LAS BONIFICACIONES DEL PLAN DE ALIVIO FISCAL 2026 La<\/p>\n","protected":false},"author":5,"featured_media":4621,"comment_status":"open","ping_status":"open","sticky":false,"template":"","format":"standard","meta":{"footnotes":""},"categories":[25],"tags":[],"class_list":["post-12878","post","type-post","status-publish","format-standard","has-post-thumbnail","hentry","category-rio-grande"],"featured_image_urls":{"full":["https:\/\/opinionpublica.com.ar\/index\/wp-content\/uploads\/2024\/07\/comercio-rio-grande.jpg",2000,1126,false],"thumbnail":["https:\/\/opinionpublica.com.ar\/index\/wp-content\/uploads\/2024\/07\/comercio-rio-grande-150x150.jpg",150,150,true],"medium":["https:\/\/opinionpublica.com.ar\/index\/wp-content\/uploads\/2024\/07\/comercio-rio-grande-300x169.jpg",300,169,true],"medium_large":["https:\/\/opinionpublica.com.ar\/index\/wp-content\/uploads\/2024\/07\/comercio-rio-grande-768x432.jpg",640,360,true],"large":["https:\/\/opinionpublica.com.ar\/index\/wp-content\/uploads\/2024\/07\/comercio-rio-grande-1024x577.jpg",640,361,true],"1536x1536":["https:\/\/opinionpublica.com.ar\/index\/wp-content\/uploads\/2024\/07\/comercio-rio-grande-1536x865.jpg",1536,865,true],"2048x2048":["https:\/\/opinionpublica.com.ar\/index\/wp-content\/uploads\/2024\/07\/comercio-rio-grande.jpg",2000,1126,false],"morenews-large":["https:\/\/opinionpublica.com.ar\/index\/wp-content\/uploads\/2024\/07\/comercio-rio-grande-825x575.jpg",825,575,true],"morenews-medium":["https:\/\/opinionpublica.com.ar\/index\/wp-content\/uploads\/2024\/07\/comercio-rio-grande-590x410.jpg",590,410,true]},"author_info":{"display_name":"Hal","author_link":"https:\/\/opinionpublica.com.ar\/index\/author\/hal\/"},"category_info":"<a href=\"https:\/\/opinionpublica.com.ar\/index\/category\/rio-grande\/\" rel=\"category tag\">Rio Grande<\/a>","tag_info":"Rio Grande","comment_count":"0","_links":{"self":[{"href":"https:\/\/opinionpublica.com.ar\/index\/wp-json\/wp\/v2\/posts\/12878","targetHints":{"allow":["GET"]}}],"collection":[{"href":"https:\/\/opinionpublica.com.ar\/index\/wp-json\/wp\/v2\/posts"}],"about":[{"href":"https:\/\/opinionpublica.com.ar\/index\/wp-json\/wp\/v2\/types\/post"}],"author":[{"embeddable":true,"href":"https:\/\/opinionpublica.com.ar\/index\/wp-json\/wp\/v2\/users\/5"}],"replies":[{"embeddable":true,"href":"https:\/\/opinionpublica.com.ar\/index\/wp-json\/wp\/v2\/comments?post=12878"}],"version-history":[{"count":2,"href":"https:\/\/opinionpublica.com.ar\/index\/wp-json\/wp\/v2\/posts\/12878\/revisions"}],"predecessor-version":[{"id":12880,"href":"https:\/\/opinionpublica.com.ar\/index\/wp-json\/wp\/v2\/posts\/12878\/revisions\/12880"}],"wp:featuredmedia":[{"embeddable":true,"href":"https:\/\/opinionpublica.com.ar\/index\/wp-json\/wp\/v2\/media\/4621"}],"wp:attachment":[{"href":"https:\/\/opinionpublica.com.ar\/index\/wp-json\/wp\/v2\/media?parent=12878"}],"wp:term":[{"taxonomy":"category","embeddable":true,"href":"https:\/\/opinionpublica.com.ar\/index\/wp-json\/wp\/v2\/categories?post=12878"},{"taxonomy":"post_tag","embeddable":true,"href":"https:\/\/opinionpublica.com.ar\/index\/wp-json\/wp\/v2\/tags?post=12878"}],"curies":[{"name":"wp","href":"https:\/\/api.w.org\/{rel}","templated":true}]}}