{"id":12887,"date":"2026-03-31T13:07:05","date_gmt":"2026-03-31T16:07:05","guid":{"rendered":"https:\/\/opinionpublica.com.ar\/index\/?p=12887"},"modified":"2026-03-31T13:25:01","modified_gmt":"2026-03-31T16:25:01","slug":"si-queremos-que-vengan-nuevas-inversiones-tenemos-que-repetir-el-exito-de-la-19-640","status":"publish","type":"post","link":"https:\/\/opinionpublica.com.ar\/index\/si-queremos-que-vengan-nuevas-inversiones-tenemos-que-repetir-el-exito-de-la-19-640\/","title":{"rendered":"SI QUEREMOS QUE VENGAN NUEVAS INVERSIONES, TENEMOS QUE REPETIR EL \u00c9XITO DE LA 19.640"},"content":{"rendered":"<h3>SI QUEREMOS QUE VENGAN NUEVAS INVERSIONES, TENEMOS QUE REPETIR EL \u00c9XITO DE LA 19.640<\/h3>\n<p><a href=\"https:\/\/opinionpublica.com.ar\/index\/wp-content\/uploads\/2024\/10\/Pauli-scaled-santiago.jpg\"><img fetchpriority=\"high\" decoding=\"async\" class=\"alignnone size-full wp-image-6253\" src=\"https:\/\/opinionpublica.com.ar\/index\/wp-content\/uploads\/2024\/10\/Pauli-scaled-santiago.jpg\" alt=\"\" width=\"720\" height=\"480\" srcset=\"https:\/\/opinionpublica.com.ar\/index\/wp-content\/uploads\/2024\/10\/Pauli-scaled-santiago.jpg 720w, https:\/\/opinionpublica.com.ar\/index\/wp-content\/uploads\/2024\/10\/Pauli-scaled-santiago-300x200.jpg 300w\" sizes=\"(max-width: 720px) 100vw, 720px\" \/><\/a><\/p>\n<p>El diputado Pauli habl\u00f3 sobre su reuni\u00f3n con el secretario de Pol\u00edtica Econ\u00f3mica de la Naci\u00f3n y explic\u00f3 que \u00abfue en el contexto del nombramiento que se iba a venir en la Comisi\u00f3n de Finanzas. Hablamos sobre temas de Tierra del Fuego. Coincidimos en que necesitamos que venga m\u00e1s gente a invertir\u00bb.<\/p>\n<p>&nbsp;<\/p>\n","protected":false},"excerpt":{"rendered":"<p>SI QUEREMOS QUE VENGAN NUEVAS INVERSIONES, TENEMOS QUE REPETIR EL \u00c9XITO DE LA 19.640 El diputado Pauli habl\u00f3<\/p>\n","protected":false},"author":5,"featured_media":11166,"comment_status":"open","ping_status":"open","sticky":false,"template":"","format":"standard","meta":{"footnotes":""},"categories":[2],"tags":[],"class_list":["post-12887","post","type-post","status-publish","format-standard","has-post-thumbnail","hentry","category-tierra-del-fuego"],"featured_image_urls":{"full":["https:\/\/opinionpublica.com.ar\/index\/wp-content\/uploads\/2025\/09\/WhatsApp-Image-2025-09-21-at-23.34.07-3-820x360-1.jpeg",820,360,false],"thumbnail":["https:\/\/opinionpublica.com.ar\/index\/wp-content\/uploads\/2025\/09\/WhatsApp-Image-2025-09-21-at-23.34.07-3-820x360-1-150x150.jpeg",150,150,true],"medium":["https:\/\/opinionpublica.com.ar\/index\/wp-content\/uploads\/2025\/09\/WhatsApp-Image-2025-09-21-at-23.34.07-3-820x360-1-300x132.jpeg",300,132,true],"medium_large":["https:\/\/opinionpublica.com.ar\/index\/wp-content\/uploads\/2025\/09\/WhatsApp-Image-2025-09-21-at-23.34.07-3-820x360-1-768x337.jpeg",640,281,true],"large":["https:\/\/opinionpublica.com.ar\/index\/wp-content\/uploads\/2025\/09\/WhatsApp-Image-2025-09-21-at-23.34.07-3-820x360-1.jpeg",640,281,false],"1536x1536":["https:\/\/opinionpublica.com.ar\/index\/wp-content\/uploads\/2025\/09\/WhatsApp-Image-2025-09-21-at-23.34.07-3-820x360-1.jpeg",820,360,false],"2048x2048":["https:\/\/opinionpublica.com.ar\/index\/wp-content\/uploads\/2025\/09\/WhatsApp-Image-2025-09-21-at-23.34.07-3-820x360-1.jpeg",820,360,false],"morenews-large":["https:\/\/opinionpublica.com.ar\/index\/wp-content\/uploads\/2025\/09\/WhatsApp-Image-2025-09-21-at-23.34.07-3-820x360-1.jpeg",820,360,false],"morenews-medium":["https:\/\/opinionpublica.com.ar\/index\/wp-content\/uploads\/2025\/09\/WhatsApp-Image-2025-09-21-at-23.34.07-3-820x360-1-590x360.jpeg",590,360,true]},"author_info":{"display_name":"Hal","author_link":"https:\/\/opinionpublica.com.ar\/index\/author\/hal\/"},"category_info":"<a href=\"https:\/\/opinionpublica.com.ar\/index\/category\/tierra-del-fuego\/\" rel=\"category tag\">Tierra del Fuego<\/a>","tag_info":"Tierra del Fuego","comment_count":"0","_links":{"self":[{"href":"https:\/\/opinionpublica.com.ar\/index\/wp-json\/wp\/v2\/posts\/12887","targetHints":{"allow":["GET"]}}],"collection":[{"href":"https:\/\/opinionpublica.com.ar\/index\/wp-json\/wp\/v2\/posts"}],"about":[{"href":"https:\/\/opinionpublica.com.ar\/index\/wp-json\/wp\/v2\/types\/post"}],"author":[{"embeddable":true,"href":"https:\/\/opinionpublica.com.ar\/index\/wp-json\/wp\/v2\/users\/5"}],"replies":[{"embeddable":true,"href":"https:\/\/opinionpublica.com.ar\/index\/wp-json\/wp\/v2\/comments?post=12887"}],"version-history":[{"count":3,"href":"https:\/\/opinionpublica.com.ar\/index\/wp-json\/wp\/v2\/posts\/12887\/revisions"}],"predecessor-version":[{"id":12890,"href":"https:\/\/opinionpublica.com.ar\/index\/wp-json\/wp\/v2\/posts\/12887\/revisions\/12890"}],"wp:featuredmedia":[{"embeddable":true,"href":"https:\/\/opinionpublica.com.ar\/index\/wp-json\/wp\/v2\/media\/11166"}],"wp:attachment":[{"href":"https:\/\/opinionpublica.com.ar\/index\/wp-json\/wp\/v2\/media?parent=12887"}],"wp:term":[{"taxonomy":"category","embeddable":true,"href":"https:\/\/opinionpublica.com.ar\/index\/wp-json\/wp\/v2\/categories?post=12887"},{"taxonomy":"post_tag","embeddable":true,"href":"https:\/\/opinionpublica.com.ar\/index\/wp-json\/wp\/v2\/tags?post=12887"}],"curies":[{"name":"wp","href":"https:\/\/api.w.org\/{rel}","templated":true}]}}