{"id":1289,"date":"2024-03-30T11:28:27","date_gmt":"2024-03-30T14:28:27","guid":{"rendered":"https:\/\/opinionpublica.com.ar\/index\/?p=1289"},"modified":"2024-03-30T11:39:31","modified_gmt":"2024-03-30T14:39:31","slug":"enacom-cierre-definitivo-de-la-delegaciones-de-ushuaia-y-rio-grande","status":"publish","type":"post","link":"https:\/\/opinionpublica.com.ar\/index\/enacom-cierre-definitivo-de-la-delegaciones-de-ushuaia-y-rio-grande\/","title":{"rendered":"ENACOM: Cierre definitivo de las delegaciones de Ushuaia y Rio Grande"},"content":{"rendered":"<p>En el dia de ayer los trabajadores del Ente Nacional de Comunicaciones, (ENACOM), tomaron conocimiento del cierre definitivo de la delegaci\u00f3n Ushuaia, los trabajadores se\u00f1alaron que ya hay un polic\u00eda en la puerta del edificio y seguramente les prohibir\u00e1n la entrada el pr\u00f3ximo mi\u00e9rcoles cuando intenten ingresar a su lugar de trabajo, as\u00ed lo inform\u00f3 Constanza Piazza trabajadora del ente nacional.<\/p>\n<p><a href=\"https:\/\/opinionpublica.com.ar\/index\/wp-content\/uploads\/2024\/03\/enacom-a-webp.jpg\"><img fetchpriority=\"high\" decoding=\"async\" class=\"alignnone wp-image-1234\" src=\"https:\/\/opinionpublica.com.ar\/index\/wp-content\/uploads\/2024\/03\/enacom-a-webp-300x183.jpg\" alt=\"\" width=\"521\" height=\"318\" srcset=\"https:\/\/opinionpublica.com.ar\/index\/wp-content\/uploads\/2024\/03\/enacom-a-webp-300x183.jpg 300w, https:\/\/opinionpublica.com.ar\/index\/wp-content\/uploads\/2024\/03\/enacom-a-webp-1024x624.jpg 1024w, https:\/\/opinionpublica.com.ar\/index\/wp-content\/uploads\/2024\/03\/enacom-a-webp-768x468.jpg 768w, https:\/\/opinionpublica.com.ar\/index\/wp-content\/uploads\/2024\/03\/enacom-a-webp.jpg 1200w\" sizes=\"(max-width: 521px) 100vw, 521px\" \/><\/a><\/p>\n<p>La motosierra del gobierno nacional, no se detendr\u00eda ante nada y esta no es la excepci\u00f3n, en el fin de semana largo el gobierno ha llevado adelante una verdadera poda de trabajadores p\u00fablicos a los largo y ancho de todo el pais, concretando mas de 15 mil despidos.<\/p>\n<p>En esta ente son 6 las personas que quedan sin trabajo en la capital y en nuestra ciudad algunos con mas de 14 a\u00f1os de antig\u00fcedad.<\/p>\n<p>En el caso del ENACOM, se establecer\u00e1 un per\u00edodo de transici\u00f3n de 60 d\u00edas \u00aba fin de atender y reasignar las tareas de control ejecutadas por las citadas delegaciones provinciales\u00bb, indica el texto.<\/p>\n<p>El\u00a0Gobierno nacional\u00a0sigue activando su plan motosierra en el Estado. Ahora, a trav\u00e9s de una resoluci\u00f3n\u00a0dispuso el cierre de todas las delegaciones provinciales del Ente Nacional De Comunicaciones (ENACOM), a partir del pr\u00f3ximo 1\u00b0 de abril.\u00a0Desde ATE, temen m\u00e1s de 500 despidos que podr\u00edan sumarse a los m\u00e1s de 300 telegramas que fueron llegando en las \u00faltimas horas, seg\u00fan pudo saber.<\/p>\n<article>Fuentes de la\u00a0Secretar\u00eda de Innovaci\u00f3n, Ciencia y Tecnolog\u00eda\u00a0de la Jefatura de Gabinete, bajo cuya \u00f3rbita qued\u00f3 el ente intervendido, argumentaron que el cierre de las delegaciones provinciales\u00a0\u00abse enmarca en el compromiso de gestionar eficientemente los recursos del Estado\u00bb.\u00a0\u00abTras un exhaustivo an\u00e1lisis de la actividad desarrollada en las delegaciones provinciales,\u00a0hemos observado una disminuci\u00f3n significativa de sus funciones desde la implementaci\u00f3n del Tr\u00e1mite a Distancia (TAD).\u00a0La simplificaci\u00f3n y automatizaci\u00f3n de los procesos han llevado a una desproporci\u00f3n entre las tareas realizadas y la estructura de estas delegaciones\u00bb, explicaron.<\/article>\n<article>La nueva resoluci\u00f3n, en tanto, establecer\u00e1 un\u00a0per\u00edodo de transici\u00f3n de 60 d\u00edas\u00a0\u00aba fin de atender y reasignar las tareas de control ejecutadas por las citadas delegaciones provinciales\u00bb, indica el texto.<\/article>\n<article>Por otra parte, se dispondr\u00e1 de una\u00a0dotaci\u00f3n m\u00ednima de trabajadores\u00a0para garantizar las tareas que conlleven el cierre de las delegaciones y la realizaci\u00f3n de un inventario patrimonial de todos los bienes que poseen cada una de las oficinas provinciales.Adem\u00e1s, se deber\u00e1n publicitar en un plazo de 30 d\u00edas medios de atenci\u00f3n alternativos para canalizar denuncias y dem\u00e1s tramites alternativos que eran realizados en las delegaciones provinciales del ente.En el caso de los trabajadores de Tierra del Fuego, seg\u00fan pudimos saber, dejar\u00edan ingresar solo a dos, para realizar el inventario y preparar todo para el cierre definitivo.<\/p>\n<p>Este fin de semana largo y por mail se concretar\u00e1n despidos en TV Publica, Servicio Meteorol\u00f3gico Nacional, ANSES, Radio Publica, Parques Nacionales, Capital Humano, Salud y otros entes del estado, llegando a mas 15 trabajadores, mientras se analizan de manera quir\u00fargica, otros 50 mil contratos que vencen el 31 de marzo.<\/p>\n<\/article>\n","protected":false},"excerpt":{"rendered":"<p>En el dia de ayer los trabajadores del Ente Nacional de Comunicaciones, (ENACOM), tomaron conocimiento del cierre definitivo<\/p>\n","protected":false},"author":8,"featured_media":1234,"comment_status":"open","ping_status":"open","sticky":false,"template":"","format":"standard","meta":{"footnotes":""},"categories":[2],"tags":[195,415,7,5,6],"class_list":["post-1289","post","type-post","status-publish","format-standard","has-post-thumbnail","hentry","category-tierra-del-fuego","tag-despidos","tag-enacom","tag-rio-grande","tag-tierra-del-fuego","tag-ushuaia"],"featured_image_urls":{"full":["https:\/\/opinionpublica.com.ar\/index\/wp-content\/uploads\/2024\/03\/enacom-a-webp.jpg",1200,731,false],"thumbnail":["https:\/\/opinionpublica.com.ar\/index\/wp-content\/uploads\/2024\/03\/enacom-a-webp-150x150.jpg",150,150,true],"medium":["https:\/\/opinionpublica.com.ar\/index\/wp-content\/uploads\/2024\/03\/enacom-a-webp-300x183.jpg",300,183,true],"medium_large":["https:\/\/opinionpublica.com.ar\/index\/wp-content\/uploads\/2024\/03\/enacom-a-webp-768x468.jpg",640,390,true],"large":["https:\/\/opinionpublica.com.ar\/index\/wp-content\/uploads\/2024\/03\/enacom-a-webp-1024x624.jpg",640,390,true],"1536x1536":["https:\/\/opinionpublica.com.ar\/index\/wp-content\/uploads\/2024\/03\/enacom-a-webp.jpg",1200,731,false],"2048x2048":["https:\/\/opinionpublica.com.ar\/index\/wp-content\/uploads\/2024\/03\/enacom-a-webp.jpg",1200,731,false],"morenews-large":["https:\/\/opinionpublica.com.ar\/index\/wp-content\/uploads\/2024\/03\/enacom-a-webp-825x575.jpg",825,575,true],"morenews-medium":["https:\/\/opinionpublica.com.ar\/index\/wp-content\/uploads\/2024\/03\/enacom-a-webp-590x410.jpg",590,410,true]},"author_info":{"display_name":"RKing","author_link":"https:\/\/opinionpublica.com.ar\/index\/author\/rking\/"},"category_info":"<a href=\"https:\/\/opinionpublica.com.ar\/index\/category\/tierra-del-fuego\/\" rel=\"category tag\">Tierra del Fuego<\/a>","tag_info":"Tierra del Fuego","comment_count":"0","_links":{"self":[{"href":"https:\/\/opinionpublica.com.ar\/index\/wp-json\/wp\/v2\/posts\/1289","targetHints":{"allow":["GET"]}}],"collection":[{"href":"https:\/\/opinionpublica.com.ar\/index\/wp-json\/wp\/v2\/posts"}],"about":[{"href":"https:\/\/opinionpublica.com.ar\/index\/wp-json\/wp\/v2\/types\/post"}],"author":[{"embeddable":true,"href":"https:\/\/opinionpublica.com.ar\/index\/wp-json\/wp\/v2\/users\/8"}],"replies":[{"embeddable":true,"href":"https:\/\/opinionpublica.com.ar\/index\/wp-json\/wp\/v2\/comments?post=1289"}],"version-history":[{"count":2,"href":"https:\/\/opinionpublica.com.ar\/index\/wp-json\/wp\/v2\/posts\/1289\/revisions"}],"predecessor-version":[{"id":1292,"href":"https:\/\/opinionpublica.com.ar\/index\/wp-json\/wp\/v2\/posts\/1289\/revisions\/1292"}],"wp:featuredmedia":[{"embeddable":true,"href":"https:\/\/opinionpublica.com.ar\/index\/wp-json\/wp\/v2\/media\/1234"}],"wp:attachment":[{"href":"https:\/\/opinionpublica.com.ar\/index\/wp-json\/wp\/v2\/media?parent=1289"}],"wp:term":[{"taxonomy":"category","embeddable":true,"href":"https:\/\/opinionpublica.com.ar\/index\/wp-json\/wp\/v2\/categories?post=1289"},{"taxonomy":"post_tag","embeddable":true,"href":"https:\/\/opinionpublica.com.ar\/index\/wp-json\/wp\/v2\/tags?post=1289"}],"curies":[{"name":"wp","href":"https:\/\/api.w.org\/{rel}","templated":true}]}}