{"id":12891,"date":"2026-04-01T09:05:46","date_gmt":"2026-04-01T12:05:46","guid":{"rendered":"https:\/\/opinionpublica.com.ar\/index\/?p=12891"},"modified":"2026-04-01T09:05:46","modified_gmt":"2026-04-01T12:05:46","slug":"en-tierra-del-fuego-43-085-personas-viven-bajo-la-linea-de-pobreza","status":"publish","type":"post","link":"https:\/\/opinionpublica.com.ar\/index\/en-tierra-del-fuego-43-085-personas-viven-bajo-la-linea-de-pobreza\/","title":{"rendered":"En Tierra del Fuego, 43.085 personas viven bajo la l\u00ednea de pobreza"},"content":{"rendered":"<section class=\"principal\">\n<div class=\"fullpost__encabezado orden4\">\n<h2 class=\"fullpost__titulo\">En Tierra del Fuego, 43.085 personas viven bajo la l\u00ednea de pobreza mientras el Ejecutivo provincial sostiene una agenda centrada en la reforma constitucional<\/h2>\n<p><a href=\"https:\/\/opinionpublica.com.ar\/index\/wp-content\/uploads\/2025\/04\/unnamed1559-1-villa-ushuaia.jpg\"><img fetchpriority=\"high\" decoding=\"async\" class=\"alignnone size-full wp-image-9398\" src=\"https:\/\/opinionpublica.com.ar\/index\/wp-content\/uploads\/2025\/04\/unnamed1559-1-villa-ushuaia.jpg\" alt=\"\" width=\"1280\" height=\"853\" srcset=\"https:\/\/opinionpublica.com.ar\/index\/wp-content\/uploads\/2025\/04\/unnamed1559-1-villa-ushuaia.jpg 1280w, https:\/\/opinionpublica.com.ar\/index\/wp-content\/uploads\/2025\/04\/unnamed1559-1-villa-ushuaia-300x200.jpg 300w, https:\/\/opinionpublica.com.ar\/index\/wp-content\/uploads\/2025\/04\/unnamed1559-1-villa-ushuaia-1024x682.jpg 1024w, https:\/\/opinionpublica.com.ar\/index\/wp-content\/uploads\/2025\/04\/unnamed1559-1-villa-ushuaia-768x512.jpg 768w\" sizes=\"(max-width: 1280px) 100vw, 1280px\" \/><\/a><\/p>\n<div class=\"fullpost__copete\">\n<div>\n<div>El \u00faltimo dato difundido por el Indec ubic\u00f3 a Tierra del Fuego con un 22,6% de pobreza. Llevado a n\u00fameros concretos, el porcentaje equivale a unas 43.085 personas que viven bajo la l\u00ednea de pobreza en la provincia. La cifra surge de aplicar ese porcentaje sobre la poblaci\u00f3n fueguina registrada en el Censo 2022, que alcanz\u00f3 los 190.641 habitantes. Es una proyecci\u00f3n estad\u00edstica, pero suficiente para dimensionar el peso real del dato en una provincia de baja poblaci\u00f3n.<\/div>\n<\/div>\n<\/div>\n<\/div>\n<div class=\"bloque-html\">\n<div class=\"codigo-html\">\n<div class=\"addthis_sharing_toolbox\"><\/div>\n<\/div>\n<\/div>\n<\/section>\n<section class=\"extra1\">\n<div class=\"fullpost__main orden1  left\">\n<div class=\"fullpost__cuerpo\">\n<p data-end=\"723\" data-start=\"484\">Cuando el porcentaje se convierte en personas, la discusi\u00f3n cambia de plano. En una provincia de baja poblaci\u00f3n, m\u00e1s de 43 mil personas en situaci\u00f3n de pobreza no describen un fen\u00f3meno residual, sino una parte significativa de la sociedad.<\/p>\n<p data-end=\"985\" data-start=\"725\">Detr\u00e1s de ese n\u00famero hay hogares que no logran cubrir lo b\u00e1sico, ingresos que corren detr\u00e1s del costo de vida y familias que sostienen su econom\u00eda en un contexto cada vez m\u00e1s ajustado. El dato deja de ser t\u00e9cnico cuando baja al territorio: se vuelve cotidiano.<\/p>\n<p data-end=\"1299\" data-start=\"987\">En ese escenario, la discusi\u00f3n pol\u00edtica suma otro elemento que no pasa desapercibido. Mientras el indicador de pobreza muestra su impacto concreto, el\u00a0<strong data-end=\"1162\" data-start=\"1138\">Ejecutivo provincial<\/strong>\u00a0mantiene en pie una agenda centrada en la reforma constitucional, un proceso que demandar\u00eda un gasto superior a los\u00a0<strong data-end=\"1298\" data-start=\"1279\">$8.000 millones<\/strong>.<\/p>\n<p data-end=\"1618\" data-start=\"1301\">Ah\u00ed es donde el contraste se vuelve inevitable. No por la legalidad de la reforma, sino por su oportunidad. Porque mientras\u00a0<strong data-end=\"1444\" data-start=\"1425\">43.085 personas<\/strong>\u00a0viven bajo la l\u00ednea de pobreza, el Estado proyecta destinar una cifra millonaria a un debate institucional sin efectos inmediatos sobre la vida diaria de miles de fueguinos.<\/p>\n<\/div>\n<\/div>\n<\/section>\n","protected":false},"excerpt":{"rendered":"<p>En Tierra del Fuego, 43.085 personas viven bajo la l\u00ednea de pobreza mientras el Ejecutivo provincial sostiene una<\/p>\n","protected":false},"author":5,"featured_media":9398,"comment_status":"open","ping_status":"open","sticky":false,"template":"","format":"standard","meta":{"footnotes":""},"categories":[2],"tags":[],"class_list":["post-12891","post","type-post","status-publish","format-standard","has-post-thumbnail","hentry","category-tierra-del-fuego"],"featured_image_urls":{"full":["https:\/\/opinionpublica.com.ar\/index\/wp-content\/uploads\/2025\/04\/unnamed1559-1-villa-ushuaia.jpg",1280,853,false],"thumbnail":["https:\/\/opinionpublica.com.ar\/index\/wp-content\/uploads\/2025\/04\/unnamed1559-1-villa-ushuaia-150x150.jpg",150,150,true],"medium":["https:\/\/opinionpublica.com.ar\/index\/wp-content\/uploads\/2025\/04\/unnamed1559-1-villa-ushuaia-300x200.jpg",300,200,true],"medium_large":["https:\/\/opinionpublica.com.ar\/index\/wp-content\/uploads\/2025\/04\/unnamed1559-1-villa-ushuaia-768x512.jpg",640,427,true],"large":["https:\/\/opinionpublica.com.ar\/index\/wp-content\/uploads\/2025\/04\/unnamed1559-1-villa-ushuaia-1024x682.jpg",640,426,true],"1536x1536":["https:\/\/opinionpublica.com.ar\/index\/wp-content\/uploads\/2025\/04\/unnamed1559-1-villa-ushuaia.jpg",1280,853,false],"2048x2048":["https:\/\/opinionpublica.com.ar\/index\/wp-content\/uploads\/2025\/04\/unnamed1559-1-villa-ushuaia.jpg",1280,853,false],"morenews-large":["https:\/\/opinionpublica.com.ar\/index\/wp-content\/uploads\/2025\/04\/unnamed1559-1-villa-ushuaia-825x575.jpg",825,575,true],"morenews-medium":["https:\/\/opinionpublica.com.ar\/index\/wp-content\/uploads\/2025\/04\/unnamed1559-1-villa-ushuaia-590x410.jpg",590,410,true]},"author_info":{"display_name":"Hal","author_link":"https:\/\/opinionpublica.com.ar\/index\/author\/hal\/"},"category_info":"<a href=\"https:\/\/opinionpublica.com.ar\/index\/category\/tierra-del-fuego\/\" rel=\"category tag\">Tierra del Fuego<\/a>","tag_info":"Tierra del Fuego","comment_count":"0","_links":{"self":[{"href":"https:\/\/opinionpublica.com.ar\/index\/wp-json\/wp\/v2\/posts\/12891","targetHints":{"allow":["GET"]}}],"collection":[{"href":"https:\/\/opinionpublica.com.ar\/index\/wp-json\/wp\/v2\/posts"}],"about":[{"href":"https:\/\/opinionpublica.com.ar\/index\/wp-json\/wp\/v2\/types\/post"}],"author":[{"embeddable":true,"href":"https:\/\/opinionpublica.com.ar\/index\/wp-json\/wp\/v2\/users\/5"}],"replies":[{"embeddable":true,"href":"https:\/\/opinionpublica.com.ar\/index\/wp-json\/wp\/v2\/comments?post=12891"}],"version-history":[{"count":1,"href":"https:\/\/opinionpublica.com.ar\/index\/wp-json\/wp\/v2\/posts\/12891\/revisions"}],"predecessor-version":[{"id":12892,"href":"https:\/\/opinionpublica.com.ar\/index\/wp-json\/wp\/v2\/posts\/12891\/revisions\/12892"}],"wp:featuredmedia":[{"embeddable":true,"href":"https:\/\/opinionpublica.com.ar\/index\/wp-json\/wp\/v2\/media\/9398"}],"wp:attachment":[{"href":"https:\/\/opinionpublica.com.ar\/index\/wp-json\/wp\/v2\/media?parent=12891"}],"wp:term":[{"taxonomy":"category","embeddable":true,"href":"https:\/\/opinionpublica.com.ar\/index\/wp-json\/wp\/v2\/categories?post=12891"},{"taxonomy":"post_tag","embeddable":true,"href":"https:\/\/opinionpublica.com.ar\/index\/wp-json\/wp\/v2\/tags?post=12891"}],"curies":[{"name":"wp","href":"https:\/\/api.w.org\/{rel}","templated":true}]}}