{"id":12894,"date":"2026-04-02T10:23:07","date_gmt":"2026-04-02T13:23:07","guid":{"rendered":"https:\/\/opinionpublica.com.ar\/index\/?p=12894"},"modified":"2026-04-02T10:23:07","modified_gmt":"2026-04-02T13:23:07","slug":"vuoto-retenerle-recursos-a-ushuaia-tambien-es-una-decision-politica","status":"publish","type":"post","link":"https:\/\/opinionpublica.com.ar\/index\/vuoto-retenerle-recursos-a-ushuaia-tambien-es-una-decision-politica\/","title":{"rendered":"VUOTO: \u00abRETENERLE RECURSOS A USHUAIA TAMBI\u00c9N ES UNA DECISI\u00d3N POL\u00cdTICA\u00bb"},"content":{"rendered":"<h3>VUOTO: \u00abRETENERLE RECURSOS A USHUAIA TAMBI\u00c9N ES UNA DECISI\u00d3N POL\u00cdTICA\u00bb<\/h3>\n<p>FUENTE: Infofueguina<\/p>\n<p><a href=\"https:\/\/opinionpublica.com.ar\/index\/wp-content\/uploads\/2024\/05\/walter-vouto-intendente.jpg\"><img fetchpriority=\"high\" decoding=\"async\" class=\"alignnone size-full wp-image-2851\" src=\"https:\/\/opinionpublica.com.ar\/index\/wp-content\/uploads\/2024\/05\/walter-vouto-intendente.jpg\" alt=\"\" width=\"1000\" height=\"666\" srcset=\"https:\/\/opinionpublica.com.ar\/index\/wp-content\/uploads\/2024\/05\/walter-vouto-intendente.jpg 1000w, https:\/\/opinionpublica.com.ar\/index\/wp-content\/uploads\/2024\/05\/walter-vouto-intendente-300x200.jpg 300w, https:\/\/opinionpublica.com.ar\/index\/wp-content\/uploads\/2024\/05\/walter-vouto-intendente-768x511.jpg 768w\" sizes=\"(max-width: 1000px) 100vw, 1000px\" \/><\/a><\/p>\n<p>El intendente de Ushuaia Walter Vuoto cuestion\u00f3 al gobierno de Tierra del Fuego por la retenci\u00f3n de fondos al Municipio, y asegur\u00f3 que se trata de una \u00abdecisi\u00f3n pol\u00edtica\u00bb. Todo comenz\u00f3 cuando en una entrevista radial el jefe de Gabinete de la provincia Jorge Canals acus\u00f3 de \u00abintencionalidad pol\u00edtica\u00bb al reclamo del municipio por la transferencia de fondos de coparticipaci\u00f3n, a lo que Vuoto sali\u00f3 al cruce: \u00abEs pol\u00edtica cuando la Provincia retiene fondos que les corresponden a los vecinos y vecinas de Ushuaia\u00bb. \u00abEs pol\u00edtica cuando eso impacta en nuestras paritarias, en poder acompa\u00f1ar la inflaci\u00f3n que sufren nuestros trabajadores, en sostener los servicios y en cumplir con obligaciones.<\/p>\n<p>&nbsp;<\/p>\n<p>&#x1f517; [Link](https:\/\/www.infofueguina.com\/politica\/2026\/4\/1\/vuoto-retenerle-recursos-ushuaia-tambien-es-una-decision-politica-87206.html)<\/p>\n","protected":false},"excerpt":{"rendered":"<p>VUOTO: \u00abRETENERLE RECURSOS A USHUAIA TAMBI\u00c9N ES UNA DECISI\u00d3N POL\u00cdTICA\u00bb FUENTE: Infofueguina El intendente de Ushuaia Walter Vuoto<\/p>\n","protected":false},"author":5,"featured_media":2851,"comment_status":"open","ping_status":"open","sticky":false,"template":"","format":"standard","meta":{"footnotes":""},"categories":[21],"tags":[],"class_list":["post-12894","post","type-post","status-publish","format-standard","has-post-thumbnail","hentry","category-ushuaia"],"featured_image_urls":{"full":["https:\/\/opinionpublica.com.ar\/index\/wp-content\/uploads\/2024\/05\/walter-vouto-intendente.jpg",1000,666,false],"thumbnail":["https:\/\/opinionpublica.com.ar\/index\/wp-content\/uploads\/2024\/05\/walter-vouto-intendente-150x150.jpg",150,150,true],"medium":["https:\/\/opinionpublica.com.ar\/index\/wp-content\/uploads\/2024\/05\/walter-vouto-intendente-300x200.jpg",300,200,true],"medium_large":["https:\/\/opinionpublica.com.ar\/index\/wp-content\/uploads\/2024\/05\/walter-vouto-intendente-768x511.jpg",640,426,true],"large":["https:\/\/opinionpublica.com.ar\/index\/wp-content\/uploads\/2024\/05\/walter-vouto-intendente.jpg",640,426,false],"1536x1536":["https:\/\/opinionpublica.com.ar\/index\/wp-content\/uploads\/2024\/05\/walter-vouto-intendente.jpg",1000,666,false],"2048x2048":["https:\/\/opinionpublica.com.ar\/index\/wp-content\/uploads\/2024\/05\/walter-vouto-intendente.jpg",1000,666,false],"morenews-large":["https:\/\/opinionpublica.com.ar\/index\/wp-content\/uploads\/2024\/05\/walter-vouto-intendente-825x575.jpg",825,575,true],"morenews-medium":["https:\/\/opinionpublica.com.ar\/index\/wp-content\/uploads\/2024\/05\/walter-vouto-intendente-590x410.jpg",590,410,true]},"author_info":{"display_name":"Hal","author_link":"https:\/\/opinionpublica.com.ar\/index\/author\/hal\/"},"category_info":"<a href=\"https:\/\/opinionpublica.com.ar\/index\/category\/ushuaia\/\" rel=\"category tag\">Ushuaia<\/a>","tag_info":"Ushuaia","comment_count":"0","_links":{"self":[{"href":"https:\/\/opinionpublica.com.ar\/index\/wp-json\/wp\/v2\/posts\/12894","targetHints":{"allow":["GET"]}}],"collection":[{"href":"https:\/\/opinionpublica.com.ar\/index\/wp-json\/wp\/v2\/posts"}],"about":[{"href":"https:\/\/opinionpublica.com.ar\/index\/wp-json\/wp\/v2\/types\/post"}],"author":[{"embeddable":true,"href":"https:\/\/opinionpublica.com.ar\/index\/wp-json\/wp\/v2\/users\/5"}],"replies":[{"embeddable":true,"href":"https:\/\/opinionpublica.com.ar\/index\/wp-json\/wp\/v2\/comments?post=12894"}],"version-history":[{"count":1,"href":"https:\/\/opinionpublica.com.ar\/index\/wp-json\/wp\/v2\/posts\/12894\/revisions"}],"predecessor-version":[{"id":12896,"href":"https:\/\/opinionpublica.com.ar\/index\/wp-json\/wp\/v2\/posts\/12894\/revisions\/12896"}],"wp:featuredmedia":[{"embeddable":true,"href":"https:\/\/opinionpublica.com.ar\/index\/wp-json\/wp\/v2\/media\/2851"}],"wp:attachment":[{"href":"https:\/\/opinionpublica.com.ar\/index\/wp-json\/wp\/v2\/media?parent=12894"}],"wp:term":[{"taxonomy":"category","embeddable":true,"href":"https:\/\/opinionpublica.com.ar\/index\/wp-json\/wp\/v2\/categories?post=12894"},{"taxonomy":"post_tag","embeddable":true,"href":"https:\/\/opinionpublica.com.ar\/index\/wp-json\/wp\/v2\/tags?post=12894"}],"curies":[{"name":"wp","href":"https:\/\/api.w.org\/{rel}","templated":true}]}}