{"id":12897,"date":"2026-04-02T10:44:15","date_gmt":"2026-04-02T13:44:15","guid":{"rendered":"https:\/\/opinionpublica.com.ar\/index\/?p=12897"},"modified":"2026-04-02T10:44:15","modified_gmt":"2026-04-02T13:44:15","slug":"intendente-perez-tierra-del-fuego-necesita-de-la-industria-para-poder-sobrevivir","status":"publish","type":"post","link":"https:\/\/opinionpublica.com.ar\/index\/intendente-perez-tierra-del-fuego-necesita-de-la-industria-para-poder-sobrevivir\/","title":{"rendered":"INTENDENTE P\u00c9REZ \u00abTIERRA DEL FUEGO NECESITA DE LA INDUSTRIA PARA PODER SOBREVIVIR"},"content":{"rendered":"<h3>INTENDENTE P\u00c9REZ \u00abTIERRA DEL FUEGO NECESITA DE LA INDUSTRIA PARA PODER SOBREVIVIR\u00bb<\/h3>\n<p>FUENTE: Infofueguina<\/p>\n<p><a href=\"https:\/\/opinionpublica.com.ar\/index\/wp-content\/uploads\/2026\/04\/f608x342-141754_171477_0.jpg\"><img fetchpriority=\"high\" decoding=\"async\" class=\"alignnone size-full wp-image-12900\" src=\"https:\/\/opinionpublica.com.ar\/index\/wp-content\/uploads\/2026\/04\/f608x342-141754_171477_0.jpg\" alt=\"\" width=\"608\" height=\"342\" srcset=\"https:\/\/opinionpublica.com.ar\/index\/wp-content\/uploads\/2026\/04\/f608x342-141754_171477_0.jpg 608w, https:\/\/opinionpublica.com.ar\/index\/wp-content\/uploads\/2026\/04\/f608x342-141754_171477_0-300x169.jpg 300w\" sizes=\"(max-width: 608px) 100vw, 608px\" \/><\/a><\/p>\n<p>Medios nacionales se hacen presentes en Tierra del Fuego para cubrir lo que ser\u00e1 tanto la Vigilia en R\u00edo Grande como el acto central por Malvinas, en lo que ser\u00e1 el 44\u00b0 aniversario. En una recorrida por R\u00edo Grande junto a el equipo enviado por C5N, el intendente Mart\u00edn P\u00e9rez aprovech\u00f3 para exponer sobre la realidad compleja que se vive en t\u00e9rminos de ca\u00edda del empleo la crisis econ\u00f3mica que golpea a los sectores productivos. Se\u00f1al\u00f3 que \u00ablamentablemente en estos \u00faltimos 2 a\u00f1os de pol\u00edtica econ\u00f3mica del gobierno nacional hemos sufrido un golpe muy duro\u00bb. \u00abR\u00edo Grande perdi\u00f3 10.000 puestos de trabajo privados, la situaci\u00f3n econ\u00f3mica es compleja, la industria se ha visto resentida.<\/p>\n<p>&nbsp;<\/p>\n<p>&#x1f517; [Link](https:\/\/www.infofueguina.com\/tu-ciudad\/rio-grande\/2026\/4\/1\/intendente-perez-tierra-del-fuego-necesita-de-la-industria-para-poder-sobrevivir-87204.html)<\/p>\n","protected":false},"excerpt":{"rendered":"<p>INTENDENTE P\u00c9REZ \u00abTIERRA DEL FUEGO NECESITA DE LA INDUSTRIA PARA PODER SOBREVIVIR\u00bb FUENTE: Infofueguina Medios nacionales se hacen<\/p>\n","protected":false},"author":5,"featured_media":12900,"comment_status":"open","ping_status":"open","sticky":false,"template":"","format":"standard","meta":{"footnotes":""},"categories":[25],"tags":[],"class_list":["post-12897","post","type-post","status-publish","format-standard","has-post-thumbnail","hentry","category-rio-grande"],"featured_image_urls":{"full":["https:\/\/opinionpublica.com.ar\/index\/wp-content\/uploads\/2026\/04\/f608x342-141754_171477_0.jpg",608,342,false],"thumbnail":["https:\/\/opinionpublica.com.ar\/index\/wp-content\/uploads\/2026\/04\/f608x342-141754_171477_0-150x150.jpg",150,150,true],"medium":["https:\/\/opinionpublica.com.ar\/index\/wp-content\/uploads\/2026\/04\/f608x342-141754_171477_0-300x169.jpg",300,169,true],"medium_large":["https:\/\/opinionpublica.com.ar\/index\/wp-content\/uploads\/2026\/04\/f608x342-141754_171477_0.jpg",608,342,false],"large":["https:\/\/opinionpublica.com.ar\/index\/wp-content\/uploads\/2026\/04\/f608x342-141754_171477_0.jpg",608,342,false],"1536x1536":["https:\/\/opinionpublica.com.ar\/index\/wp-content\/uploads\/2026\/04\/f608x342-141754_171477_0.jpg",608,342,false],"2048x2048":["https:\/\/opinionpublica.com.ar\/index\/wp-content\/uploads\/2026\/04\/f608x342-141754_171477_0.jpg",608,342,false],"morenews-large":["https:\/\/opinionpublica.com.ar\/index\/wp-content\/uploads\/2026\/04\/f608x342-141754_171477_0.jpg",608,342,false],"morenews-medium":["https:\/\/opinionpublica.com.ar\/index\/wp-content\/uploads\/2026\/04\/f608x342-141754_171477_0-590x342.jpg",590,342,true]},"author_info":{"display_name":"Hal","author_link":"https:\/\/opinionpublica.com.ar\/index\/author\/hal\/"},"category_info":"<a href=\"https:\/\/opinionpublica.com.ar\/index\/category\/rio-grande\/\" rel=\"category tag\">Rio Grande<\/a>","tag_info":"Rio Grande","comment_count":"0","_links":{"self":[{"href":"https:\/\/opinionpublica.com.ar\/index\/wp-json\/wp\/v2\/posts\/12897","targetHints":{"allow":["GET"]}}],"collection":[{"href":"https:\/\/opinionpublica.com.ar\/index\/wp-json\/wp\/v2\/posts"}],"about":[{"href":"https:\/\/opinionpublica.com.ar\/index\/wp-json\/wp\/v2\/types\/post"}],"author":[{"embeddable":true,"href":"https:\/\/opinionpublica.com.ar\/index\/wp-json\/wp\/v2\/users\/5"}],"replies":[{"embeddable":true,"href":"https:\/\/opinionpublica.com.ar\/index\/wp-json\/wp\/v2\/comments?post=12897"}],"version-history":[{"count":2,"href":"https:\/\/opinionpublica.com.ar\/index\/wp-json\/wp\/v2\/posts\/12897\/revisions"}],"predecessor-version":[{"id":12901,"href":"https:\/\/opinionpublica.com.ar\/index\/wp-json\/wp\/v2\/posts\/12897\/revisions\/12901"}],"wp:featuredmedia":[{"embeddable":true,"href":"https:\/\/opinionpublica.com.ar\/index\/wp-json\/wp\/v2\/media\/12900"}],"wp:attachment":[{"href":"https:\/\/opinionpublica.com.ar\/index\/wp-json\/wp\/v2\/media?parent=12897"}],"wp:term":[{"taxonomy":"category","embeddable":true,"href":"https:\/\/opinionpublica.com.ar\/index\/wp-json\/wp\/v2\/categories?post=12897"},{"taxonomy":"post_tag","embeddable":true,"href":"https:\/\/opinionpublica.com.ar\/index\/wp-json\/wp\/v2\/tags?post=12897"}],"curies":[{"name":"wp","href":"https:\/\/api.w.org\/{rel}","templated":true}]}}