{"id":12908,"date":"2026-04-02T11:09:51","date_gmt":"2026-04-02T14:09:51","guid":{"rendered":"https:\/\/opinionpublica.com.ar\/index\/?p=12908"},"modified":"2026-04-02T11:09:51","modified_gmt":"2026-04-02T14:09:51","slug":"di-giglio-genera-preocupacion-el-fin-del-programa-remediar","status":"publish","type":"post","link":"https:\/\/opinionpublica.com.ar\/index\/di-giglio-genera-preocupacion-el-fin-del-programa-remediar\/","title":{"rendered":"DI GIGLIO GENERA PREOCUPACI\u00d3N EL FIN DEL PROGRAMA REMEDIAR"},"content":{"rendered":"<h3>DI GIGLIO GENERA PREOCUPACI\u00d3N EL FIN DEL PROGRAMA REMEDIAR<\/h3>\n<p>FUENTE: Actualidad TDF<\/p>\n<p><a href=\"https:\/\/opinionpublica.com.ar\/index\/wp-content\/uploads\/2024\/05\/hospital-modular-tolhuin.jpg\"><img fetchpriority=\"high\" decoding=\"async\" class=\"alignnone size-full wp-image-2843\" src=\"https:\/\/opinionpublica.com.ar\/index\/wp-content\/uploads\/2024\/05\/hospital-modular-tolhuin.jpg\" alt=\"\" width=\"1584\" height=\"1054\" srcset=\"https:\/\/opinionpublica.com.ar\/index\/wp-content\/uploads\/2024\/05\/hospital-modular-tolhuin.jpg 1584w, https:\/\/opinionpublica.com.ar\/index\/wp-content\/uploads\/2024\/05\/hospital-modular-tolhuin-300x200.jpg 300w, https:\/\/opinionpublica.com.ar\/index\/wp-content\/uploads\/2024\/05\/hospital-modular-tolhuin-1024x681.jpg 1024w, https:\/\/opinionpublica.com.ar\/index\/wp-content\/uploads\/2024\/05\/hospital-modular-tolhuin-768x511.jpg 768w, https:\/\/opinionpublica.com.ar\/index\/wp-content\/uploads\/2024\/05\/hospital-modular-tolhuin-1536x1022.jpg 1536w\" sizes=\"(max-width: 1584px) 100vw, 1584px\" \/><\/a><\/p>\n<p>La ministra de Salud Judit Di Giglio, expres\u00f3 su preocupaci\u00f3n tras la reuni\u00f3n del Consejo Federal de Salud realizada este lunes donde el Ministerio de Salud de la Naci\u00f3n confirm\u00f3 el fin del programa REMEDIAR, una pol\u00edtica p\u00fablica que durante m\u00e1s de 20 a\u00f1os garantiz\u00f3 el acceso gratuito a medicamentos esenciales en los centros de salud de todo el pa\u00eds. La decisi\u00f3n fue comunicada durante una exposici\u00f3n del Director Nacional de Medicamentos y gener\u00f3 un fuerte rechazo de las provincias. \u201cTodas las jurisdicciones, desde CABA hasta Tierra del Fuego, planteamos que es una noticia terrible por el impacto que puede provocar en la salud de la poblaci\u00f3n\u201d, sostuvo.<\/p>\n<p>&nbsp;<\/p>\n","protected":false},"excerpt":{"rendered":"<p>DI GIGLIO GENERA PREOCUPACI\u00d3N EL FIN DEL PROGRAMA REMEDIAR FUENTE: Actualidad TDF La ministra de Salud Judit Di<\/p>\n","protected":false},"author":5,"featured_media":2843,"comment_status":"open","ping_status":"open","sticky":false,"template":"","format":"standard","meta":{"footnotes":""},"categories":[3,2],"tags":[],"class_list":["post-12908","post","type-post","status-publish","format-standard","has-post-thumbnail","hentry","category-nacionales","category-tierra-del-fuego"],"featured_image_urls":{"full":["https:\/\/opinionpublica.com.ar\/index\/wp-content\/uploads\/2024\/05\/hospital-modular-tolhuin.jpg",1584,1054,false],"thumbnail":["https:\/\/opinionpublica.com.ar\/index\/wp-content\/uploads\/2024\/05\/hospital-modular-tolhuin-150x150.jpg",150,150,true],"medium":["https:\/\/opinionpublica.com.ar\/index\/wp-content\/uploads\/2024\/05\/hospital-modular-tolhuin-300x200.jpg",300,200,true],"medium_large":["https:\/\/opinionpublica.com.ar\/index\/wp-content\/uploads\/2024\/05\/hospital-modular-tolhuin-768x511.jpg",640,426,true],"large":["https:\/\/opinionpublica.com.ar\/index\/wp-content\/uploads\/2024\/05\/hospital-modular-tolhuin-1024x681.jpg",640,426,true],"1536x1536":["https:\/\/opinionpublica.com.ar\/index\/wp-content\/uploads\/2024\/05\/hospital-modular-tolhuin-1536x1022.jpg",1536,1022,true],"2048x2048":["https:\/\/opinionpublica.com.ar\/index\/wp-content\/uploads\/2024\/05\/hospital-modular-tolhuin.jpg",1584,1054,false],"morenews-large":["https:\/\/opinionpublica.com.ar\/index\/wp-content\/uploads\/2024\/05\/hospital-modular-tolhuin-825x575.jpg",825,575,true],"morenews-medium":["https:\/\/opinionpublica.com.ar\/index\/wp-content\/uploads\/2024\/05\/hospital-modular-tolhuin-590x410.jpg",590,410,true]},"author_info":{"display_name":"Hal","author_link":"https:\/\/opinionpublica.com.ar\/index\/author\/hal\/"},"category_info":"<a href=\"https:\/\/opinionpublica.com.ar\/index\/category\/nacionales\/\" rel=\"category tag\">Nacionales<\/a> <a href=\"https:\/\/opinionpublica.com.ar\/index\/category\/tierra-del-fuego\/\" rel=\"category tag\">Tierra del Fuego<\/a>","tag_info":"Tierra del Fuego","comment_count":"0","_links":{"self":[{"href":"https:\/\/opinionpublica.com.ar\/index\/wp-json\/wp\/v2\/posts\/12908","targetHints":{"allow":["GET"]}}],"collection":[{"href":"https:\/\/opinionpublica.com.ar\/index\/wp-json\/wp\/v2\/posts"}],"about":[{"href":"https:\/\/opinionpublica.com.ar\/index\/wp-json\/wp\/v2\/types\/post"}],"author":[{"embeddable":true,"href":"https:\/\/opinionpublica.com.ar\/index\/wp-json\/wp\/v2\/users\/5"}],"replies":[{"embeddable":true,"href":"https:\/\/opinionpublica.com.ar\/index\/wp-json\/wp\/v2\/comments?post=12908"}],"version-history":[{"count":2,"href":"https:\/\/opinionpublica.com.ar\/index\/wp-json\/wp\/v2\/posts\/12908\/revisions"}],"predecessor-version":[{"id":12910,"href":"https:\/\/opinionpublica.com.ar\/index\/wp-json\/wp\/v2\/posts\/12908\/revisions\/12910"}],"wp:featuredmedia":[{"embeddable":true,"href":"https:\/\/opinionpublica.com.ar\/index\/wp-json\/wp\/v2\/media\/2843"}],"wp:attachment":[{"href":"https:\/\/opinionpublica.com.ar\/index\/wp-json\/wp\/v2\/media?parent=12908"}],"wp:term":[{"taxonomy":"category","embeddable":true,"href":"https:\/\/opinionpublica.com.ar\/index\/wp-json\/wp\/v2\/categories?post=12908"},{"taxonomy":"post_tag","embeddable":true,"href":"https:\/\/opinionpublica.com.ar\/index\/wp-json\/wp\/v2\/tags?post=12908"}],"curies":[{"name":"wp","href":"https:\/\/api.w.org\/{rel}","templated":true}]}}