{"id":12942,"date":"2026-04-06T02:49:32","date_gmt":"2026-04-06T05:49:32","guid":{"rendered":"https:\/\/opinionpublica.com.ar\/index\/?p=12942"},"modified":"2026-04-06T02:49:32","modified_gmt":"2026-04-06T05:49:32","slug":"la-economia-de-tierra-del-fuego-sigue-en-crisis","status":"publish","type":"post","link":"https:\/\/opinionpublica.com.ar\/index\/la-economia-de-tierra-del-fuego-sigue-en-crisis\/","title":{"rendered":"LA ECONOMIA DE TIERRA DEL FUEGO SIGUE EN CRISIS"},"content":{"rendered":"<h3>LA ECONOMIA DE TIERRA DEL FUEGO SIGUE EN CRISIS<\/h3>\n<p><a href=\"https:\/\/opinionpublica.com.ar\/index\/wp-content\/uploads\/2025\/11\/20251106020938_caida_del_consumo_rg.jpg\"><img fetchpriority=\"high\" decoding=\"async\" class=\"alignnone size-full wp-image-11639\" src=\"https:\/\/opinionpublica.com.ar\/index\/wp-content\/uploads\/2025\/11\/20251106020938_caida_del_consumo_rg.jpg\" alt=\"\" width=\"880\" height=\"586\" srcset=\"https:\/\/opinionpublica.com.ar\/index\/wp-content\/uploads\/2025\/11\/20251106020938_caida_del_consumo_rg.jpg 880w, https:\/\/opinionpublica.com.ar\/index\/wp-content\/uploads\/2025\/11\/20251106020938_caida_del_consumo_rg-300x200.jpg 300w, https:\/\/opinionpublica.com.ar\/index\/wp-content\/uploads\/2025\/11\/20251106020938_caida_del_consumo_rg-768x511.jpg 768w\" sizes=\"(max-width: 880px) 100vw, 880px\" \/><\/a><\/p>\n<p>La falta de inversi\u00f3n y la inestabilidad pol\u00edtica en la provincia han generado una crisis econ\u00f3mica que afecta a la mayor\u00eda de los ciudadanos. La situaci\u00f3n genera preocupaci\u00f3n sobre la capacidad del gobierno para gestionar la econom\u00eda de la provincia. La gesti\u00f3n del gobierno provincial debe ser cuestionada por su falta de efectividad en la generaci\u00f3n de empleo y la promoci\u00f3n del desarrollo econ\u00f3mico.<\/p>\n","protected":false},"excerpt":{"rendered":"<p>LA ECONOMIA DE TIERRA DEL FUEGO SIGUE EN CRISIS La falta de inversi\u00f3n y la inestabilidad pol\u00edtica en<\/p>\n","protected":false},"author":5,"featured_media":11639,"comment_status":"open","ping_status":"open","sticky":false,"template":"","format":"standard","meta":{"footnotes":""},"categories":[2],"tags":[],"class_list":["post-12942","post","type-post","status-publish","format-standard","has-post-thumbnail","hentry","category-tierra-del-fuego"],"featured_image_urls":{"full":["https:\/\/opinionpublica.com.ar\/index\/wp-content\/uploads\/2025\/11\/20251106020938_caida_del_consumo_rg.jpg",880,586,false],"thumbnail":["https:\/\/opinionpublica.com.ar\/index\/wp-content\/uploads\/2025\/11\/20251106020938_caida_del_consumo_rg-150x150.jpg",150,150,true],"medium":["https:\/\/opinionpublica.com.ar\/index\/wp-content\/uploads\/2025\/11\/20251106020938_caida_del_consumo_rg-300x200.jpg",300,200,true],"medium_large":["https:\/\/opinionpublica.com.ar\/index\/wp-content\/uploads\/2025\/11\/20251106020938_caida_del_consumo_rg-768x511.jpg",640,426,true],"large":["https:\/\/opinionpublica.com.ar\/index\/wp-content\/uploads\/2025\/11\/20251106020938_caida_del_consumo_rg.jpg",640,426,false],"1536x1536":["https:\/\/opinionpublica.com.ar\/index\/wp-content\/uploads\/2025\/11\/20251106020938_caida_del_consumo_rg.jpg",880,586,false],"2048x2048":["https:\/\/opinionpublica.com.ar\/index\/wp-content\/uploads\/2025\/11\/20251106020938_caida_del_consumo_rg.jpg",880,586,false],"morenews-large":["https:\/\/opinionpublica.com.ar\/index\/wp-content\/uploads\/2025\/11\/20251106020938_caida_del_consumo_rg-825x575.jpg",825,575,true],"morenews-medium":["https:\/\/opinionpublica.com.ar\/index\/wp-content\/uploads\/2025\/11\/20251106020938_caida_del_consumo_rg-590x410.jpg",590,410,true]},"author_info":{"display_name":"Hal","author_link":"https:\/\/opinionpublica.com.ar\/index\/author\/hal\/"},"category_info":"<a href=\"https:\/\/opinionpublica.com.ar\/index\/category\/tierra-del-fuego\/\" rel=\"category tag\">Tierra del Fuego<\/a>","tag_info":"Tierra del Fuego","comment_count":"0","_links":{"self":[{"href":"https:\/\/opinionpublica.com.ar\/index\/wp-json\/wp\/v2\/posts\/12942","targetHints":{"allow":["GET"]}}],"collection":[{"href":"https:\/\/opinionpublica.com.ar\/index\/wp-json\/wp\/v2\/posts"}],"about":[{"href":"https:\/\/opinionpublica.com.ar\/index\/wp-json\/wp\/v2\/types\/post"}],"author":[{"embeddable":true,"href":"https:\/\/opinionpublica.com.ar\/index\/wp-json\/wp\/v2\/users\/5"}],"replies":[{"embeddable":true,"href":"https:\/\/opinionpublica.com.ar\/index\/wp-json\/wp\/v2\/comments?post=12942"}],"version-history":[{"count":1,"href":"https:\/\/opinionpublica.com.ar\/index\/wp-json\/wp\/v2\/posts\/12942\/revisions"}],"predecessor-version":[{"id":12943,"href":"https:\/\/opinionpublica.com.ar\/index\/wp-json\/wp\/v2\/posts\/12942\/revisions\/12943"}],"wp:featuredmedia":[{"embeddable":true,"href":"https:\/\/opinionpublica.com.ar\/index\/wp-json\/wp\/v2\/media\/11639"}],"wp:attachment":[{"href":"https:\/\/opinionpublica.com.ar\/index\/wp-json\/wp\/v2\/media?parent=12942"}],"wp:term":[{"taxonomy":"category","embeddable":true,"href":"https:\/\/opinionpublica.com.ar\/index\/wp-json\/wp\/v2\/categories?post=12942"},{"taxonomy":"post_tag","embeddable":true,"href":"https:\/\/opinionpublica.com.ar\/index\/wp-json\/wp\/v2\/tags?post=12942"}],"curies":[{"name":"wp","href":"https:\/\/api.w.org\/{rel}","templated":true}]}}