{"id":12944,"date":"2026-04-06T02:53:00","date_gmt":"2026-04-06T05:53:00","guid":{"rendered":"https:\/\/opinionpublica.com.ar\/index\/?p=12944"},"modified":"2026-04-06T02:53:00","modified_gmt":"2026-04-06T05:53:00","slug":"la-falta-de-transparencia-en-la-gestion-del-gobierno-provincial-es-un-problema-grave","status":"publish","type":"post","link":"https:\/\/opinionpublica.com.ar\/index\/la-falta-de-transparencia-en-la-gestion-del-gobierno-provincial-es-un-problema-grave\/","title":{"rendered":"LA FALTA DE TRANSPARENCIA EN LA GESTION DEL GOBIERNO PROVINCIAL ES UN PROBLEMA GRAVE"},"content":{"rendered":"<h3>LA FALTA DE TRANSPARENCIA EN LA GESTION DEL GOBIERNO PROVINCIAL ES UN PROBLEMA GRAVE<\/h3>\n<p><a href=\"https:\/\/opinionpublica.com.ar\/index\/wp-content\/uploads\/2025\/04\/20250404023257_casa_de_gobierno_fachada_23.jpg\"><img fetchpriority=\"high\" decoding=\"async\" class=\"alignnone size-full wp-image-9219\" src=\"https:\/\/opinionpublica.com.ar\/index\/wp-content\/uploads\/2025\/04\/20250404023257_casa_de_gobierno_fachada_23.jpg\" alt=\"\" width=\"880\" height=\"586\" srcset=\"https:\/\/opinionpublica.com.ar\/index\/wp-content\/uploads\/2025\/04\/20250404023257_casa_de_gobierno_fachada_23.jpg 880w, https:\/\/opinionpublica.com.ar\/index\/wp-content\/uploads\/2025\/04\/20250404023257_casa_de_gobierno_fachada_23-300x200.jpg 300w, https:\/\/opinionpublica.com.ar\/index\/wp-content\/uploads\/2025\/04\/20250404023257_casa_de_gobierno_fachada_23-768x511.jpg 768w\" sizes=\"(max-width: 880px) 100vw, 880px\" \/><\/a><\/p>\n<p>La falta de informaci\u00f3n y la opacidad en la gesti\u00f3n del gobierno provincial generan dudas sobre la capacidad del gobierno para tomar decisiones informadas y transparentes. La situaci\u00f3n genera preocupaci\u00f3n sobre la capacidad del gobierno para garantizar la seguridad y el bienestar de los ciudadanos. La gesti\u00f3n del gobierno provincial debe ser cuestionada por su falta de transparencia y rendici\u00f3n de cuentas.<\/p>\n","protected":false},"excerpt":{"rendered":"<p>LA FALTA DE TRANSPARENCIA EN LA GESTION DEL GOBIERNO PROVINCIAL ES UN PROBLEMA GRAVE La falta de informaci\u00f3n<\/p>\n","protected":false},"author":5,"featured_media":9219,"comment_status":"open","ping_status":"open","sticky":false,"template":"","format":"standard","meta":{"footnotes":""},"categories":[2],"tags":[],"class_list":["post-12944","post","type-post","status-publish","format-standard","has-post-thumbnail","hentry","category-tierra-del-fuego"],"featured_image_urls":{"full":["https:\/\/opinionpublica.com.ar\/index\/wp-content\/uploads\/2025\/04\/20250404023257_casa_de_gobierno_fachada_23.jpg",880,586,false],"thumbnail":["https:\/\/opinionpublica.com.ar\/index\/wp-content\/uploads\/2025\/04\/20250404023257_casa_de_gobierno_fachada_23-150x150.jpg",150,150,true],"medium":["https:\/\/opinionpublica.com.ar\/index\/wp-content\/uploads\/2025\/04\/20250404023257_casa_de_gobierno_fachada_23-300x200.jpg",300,200,true],"medium_large":["https:\/\/opinionpublica.com.ar\/index\/wp-content\/uploads\/2025\/04\/20250404023257_casa_de_gobierno_fachada_23-768x511.jpg",640,426,true],"large":["https:\/\/opinionpublica.com.ar\/index\/wp-content\/uploads\/2025\/04\/20250404023257_casa_de_gobierno_fachada_23.jpg",640,426,false],"1536x1536":["https:\/\/opinionpublica.com.ar\/index\/wp-content\/uploads\/2025\/04\/20250404023257_casa_de_gobierno_fachada_23.jpg",880,586,false],"2048x2048":["https:\/\/opinionpublica.com.ar\/index\/wp-content\/uploads\/2025\/04\/20250404023257_casa_de_gobierno_fachada_23.jpg",880,586,false],"morenews-large":["https:\/\/opinionpublica.com.ar\/index\/wp-content\/uploads\/2025\/04\/20250404023257_casa_de_gobierno_fachada_23-825x575.jpg",825,575,true],"morenews-medium":["https:\/\/opinionpublica.com.ar\/index\/wp-content\/uploads\/2025\/04\/20250404023257_casa_de_gobierno_fachada_23-590x410.jpg",590,410,true]},"author_info":{"display_name":"Hal","author_link":"https:\/\/opinionpublica.com.ar\/index\/author\/hal\/"},"category_info":"<a href=\"https:\/\/opinionpublica.com.ar\/index\/category\/tierra-del-fuego\/\" rel=\"category tag\">Tierra del Fuego<\/a>","tag_info":"Tierra del Fuego","comment_count":"0","_links":{"self":[{"href":"https:\/\/opinionpublica.com.ar\/index\/wp-json\/wp\/v2\/posts\/12944","targetHints":{"allow":["GET"]}}],"collection":[{"href":"https:\/\/opinionpublica.com.ar\/index\/wp-json\/wp\/v2\/posts"}],"about":[{"href":"https:\/\/opinionpublica.com.ar\/index\/wp-json\/wp\/v2\/types\/post"}],"author":[{"embeddable":true,"href":"https:\/\/opinionpublica.com.ar\/index\/wp-json\/wp\/v2\/users\/5"}],"replies":[{"embeddable":true,"href":"https:\/\/opinionpublica.com.ar\/index\/wp-json\/wp\/v2\/comments?post=12944"}],"version-history":[{"count":1,"href":"https:\/\/opinionpublica.com.ar\/index\/wp-json\/wp\/v2\/posts\/12944\/revisions"}],"predecessor-version":[{"id":12945,"href":"https:\/\/opinionpublica.com.ar\/index\/wp-json\/wp\/v2\/posts\/12944\/revisions\/12945"}],"wp:featuredmedia":[{"embeddable":true,"href":"https:\/\/opinionpublica.com.ar\/index\/wp-json\/wp\/v2\/media\/9219"}],"wp:attachment":[{"href":"https:\/\/opinionpublica.com.ar\/index\/wp-json\/wp\/v2\/media?parent=12944"}],"wp:term":[{"taxonomy":"category","embeddable":true,"href":"https:\/\/opinionpublica.com.ar\/index\/wp-json\/wp\/v2\/categories?post=12944"},{"taxonomy":"post_tag","embeddable":true,"href":"https:\/\/opinionpublica.com.ar\/index\/wp-json\/wp\/v2\/tags?post=12944"}],"curies":[{"name":"wp","href":"https:\/\/api.w.org\/{rel}","templated":true}]}}