{"id":12948,"date":"2026-04-06T03:00:19","date_gmt":"2026-04-06T06:00:19","guid":{"rendered":"https:\/\/opinionpublica.com.ar\/index\/?p=12948"},"modified":"2026-04-06T03:00:19","modified_gmt":"2026-04-06T06:00:19","slug":"mas-de-140-pilotos-de-nuestra-provincia-y-de-chile-fueron-parte-de-la-vuelta-a-la-tierra-del-fuego","status":"publish","type":"post","link":"https:\/\/opinionpublica.com.ar\/index\/mas-de-140-pilotos-de-nuestra-provincia-y-de-chile-fueron-parte-de-la-vuelta-a-la-tierra-del-fuego\/","title":{"rendered":"MAS DE 140 PILOTOS DE NUESTRA PROVINCIA Y DE CHILE FUERON PARTE DE LA VUELTA A LA TIERRA DEL FUEGO"},"content":{"rendered":"<h3>MAS DE 140 PILOTOS DE NUESTRA PROVINCIA Y DE CHILE FUERON PARTE DE LA VUELTA A LA TIERRA DEL FUEGO<\/h3>\n<p><a href=\"https:\/\/opinionpublica.com.ar\/index\/wp-content\/uploads\/2026\/04\/IMG-20260405-WA0075-1024x682-1.jpg\"><img fetchpriority=\"high\" decoding=\"async\" class=\"alignnone size-full wp-image-12949\" src=\"https:\/\/opinionpublica.com.ar\/index\/wp-content\/uploads\/2026\/04\/IMG-20260405-WA0075-1024x682-1.jpg\" alt=\"\" width=\"1024\" height=\"682\" srcset=\"https:\/\/opinionpublica.com.ar\/index\/wp-content\/uploads\/2026\/04\/IMG-20260405-WA0075-1024x682-1.jpg 1024w, https:\/\/opinionpublica.com.ar\/index\/wp-content\/uploads\/2026\/04\/IMG-20260405-WA0075-1024x682-1-300x200.jpg 300w, https:\/\/opinionpublica.com.ar\/index\/wp-content\/uploads\/2026\/04\/IMG-20260405-WA0075-1024x682-1-768x512.jpg 768w\" sizes=\"(max-width: 1024px) 100vw, 1024px\" \/><\/a><\/p>\n<p>La Vuelta a la Tierra del Fuego conto con la participacion de m\u00e1s de 140 pilotos de la provincia y de Chile, lo que pone en evidencia el potencial tur\u00edstico y econ\u00f3mico de la provincia, pero tambi\u00e9n la falta de inversi\u00f3n y apoyo por parte de la gestion oficial para desarrollar este tipo de eventos y actividades.<\/p>\n","protected":false},"excerpt":{"rendered":"<p>MAS DE 140 PILOTOS DE NUESTRA PROVINCIA Y DE CHILE FUERON PARTE DE LA VUELTA A LA TIERRA<\/p>\n","protected":false},"author":5,"featured_media":12949,"comment_status":"open","ping_status":"open","sticky":false,"template":"","format":"standard","meta":{"footnotes":""},"categories":[2],"tags":[],"class_list":["post-12948","post","type-post","status-publish","format-standard","has-post-thumbnail","hentry","category-tierra-del-fuego"],"featured_image_urls":{"full":["https:\/\/opinionpublica.com.ar\/index\/wp-content\/uploads\/2026\/04\/IMG-20260405-WA0075-1024x682-1.jpg",1024,682,false],"thumbnail":["https:\/\/opinionpublica.com.ar\/index\/wp-content\/uploads\/2026\/04\/IMG-20260405-WA0075-1024x682-1-150x150.jpg",150,150,true],"medium":["https:\/\/opinionpublica.com.ar\/index\/wp-content\/uploads\/2026\/04\/IMG-20260405-WA0075-1024x682-1-300x200.jpg",300,200,true],"medium_large":["https:\/\/opinionpublica.com.ar\/index\/wp-content\/uploads\/2026\/04\/IMG-20260405-WA0075-1024x682-1-768x512.jpg",640,427,true],"large":["https:\/\/opinionpublica.com.ar\/index\/wp-content\/uploads\/2026\/04\/IMG-20260405-WA0075-1024x682-1.jpg",640,426,false],"1536x1536":["https:\/\/opinionpublica.com.ar\/index\/wp-content\/uploads\/2026\/04\/IMG-20260405-WA0075-1024x682-1.jpg",1024,682,false],"2048x2048":["https:\/\/opinionpublica.com.ar\/index\/wp-content\/uploads\/2026\/04\/IMG-20260405-WA0075-1024x682-1.jpg",1024,682,false],"morenews-large":["https:\/\/opinionpublica.com.ar\/index\/wp-content\/uploads\/2026\/04\/IMG-20260405-WA0075-1024x682-1-825x575.jpg",825,575,true],"morenews-medium":["https:\/\/opinionpublica.com.ar\/index\/wp-content\/uploads\/2026\/04\/IMG-20260405-WA0075-1024x682-1-590x410.jpg",590,410,true]},"author_info":{"display_name":"Hal","author_link":"https:\/\/opinionpublica.com.ar\/index\/author\/hal\/"},"category_info":"<a href=\"https:\/\/opinionpublica.com.ar\/index\/category\/tierra-del-fuego\/\" rel=\"category tag\">Tierra del Fuego<\/a>","tag_info":"Tierra del Fuego","comment_count":"0","_links":{"self":[{"href":"https:\/\/opinionpublica.com.ar\/index\/wp-json\/wp\/v2\/posts\/12948","targetHints":{"allow":["GET"]}}],"collection":[{"href":"https:\/\/opinionpublica.com.ar\/index\/wp-json\/wp\/v2\/posts"}],"about":[{"href":"https:\/\/opinionpublica.com.ar\/index\/wp-json\/wp\/v2\/types\/post"}],"author":[{"embeddable":true,"href":"https:\/\/opinionpublica.com.ar\/index\/wp-json\/wp\/v2\/users\/5"}],"replies":[{"embeddable":true,"href":"https:\/\/opinionpublica.com.ar\/index\/wp-json\/wp\/v2\/comments?post=12948"}],"version-history":[{"count":1,"href":"https:\/\/opinionpublica.com.ar\/index\/wp-json\/wp\/v2\/posts\/12948\/revisions"}],"predecessor-version":[{"id":12950,"href":"https:\/\/opinionpublica.com.ar\/index\/wp-json\/wp\/v2\/posts\/12948\/revisions\/12950"}],"wp:featuredmedia":[{"embeddable":true,"href":"https:\/\/opinionpublica.com.ar\/index\/wp-json\/wp\/v2\/media\/12949"}],"wp:attachment":[{"href":"https:\/\/opinionpublica.com.ar\/index\/wp-json\/wp\/v2\/media?parent=12948"}],"wp:term":[{"taxonomy":"category","embeddable":true,"href":"https:\/\/opinionpublica.com.ar\/index\/wp-json\/wp\/v2\/categories?post=12948"},{"taxonomy":"post_tag","embeddable":true,"href":"https:\/\/opinionpublica.com.ar\/index\/wp-json\/wp\/v2\/tags?post=12948"}],"curies":[{"name":"wp","href":"https:\/\/api.w.org\/{rel}","templated":true}]}}